{"id":13108,"date":"2022-10-20T09:00:29","date_gmt":"2022-10-20T07:00:29","guid":{"rendered":"https:\/\/www.nidek.fr\/?p=13108"},"modified":"2023-11-22T09:30:09","modified_gmt":"2023-11-22T08:30:09","slug":"7eme-journee-montpellieraine-dophtalmologie","status":"publish","type":"post","link":"https:\/\/www.nidek.fr\/en\/7eme-journee-montpellieraine-dophtalmologie\/","title":{"rendered":"7\u00e8me Journ\u00e9e Montpelli\u00e9raine d\u2019Ophtalmologie"},"content":{"rendered":"<pre id=\"schedule-tweet-editor\" class=\"\" contenteditable=\"true\" data-last-offset=\"0\">La 7\u00e8me Journ\u00e9e Montpelli\u00e9raine d\u2019Ophtalmologie se tiendra le samedi 19 novembre 2022 au CORUM de Montpellier\r\nNIDEK sera pr\u00e9sent pour vous !\r\n\r\n<\/pre>","protected":false},"excerpt":{"rendered":"<p>La 7\u00e8me Journ\u00e9e Montpelli\u00e9raine d\u2019Ophtalmologie se tiendra le samedi 19 novembre 2022 au CORUM de Montpellier NIDEK sera pr\u00e9sent pour vous !<\/p>","protected":false},"author":8,"featured_media":13109,"comment_status":"open","ping_status":"open","sticky":false,"template":"","format":"standard","meta":{"_acf_changed":false,"footnotes":""},"categories":[1],"tags":[],"class_list":["post-13108","post","type-post","status-publish","format-standard","has-post-thumbnail","hentry","category-non-classe"],"acf":[],"yoast_head":"<!-- This site is optimized with the Yoast SEO plugin v27.5 - https:\/\/yoast.com\/product\/yoast-seo-wordpress\/ -->\n<title>7\u00e8me Journ\u00e9e Montpelli\u00e9raine d\u2019Ophtalmologie - NIDEK France<\/title>\n<meta name=\"description\" content=\"La 7\u00e8me Journ\u00e9e Montpelli\u00e9raine d\u2019Ophtalmologie se tiendra le samedi 19 novembre 2022 au CORUM de Montpellier NIDEK sera pr\u00e9sent pour vous !\" \/>\n<meta name=\"robots\" content=\"index, follow, max-snippet:-1, max-image-preview:large, max-video-preview:-1\" \/>\n<link rel=\"canonical\" href=\"https:\/\/www.nidek.fr\/en\/7eme-journee-montpellieraine-dophtalmologie\/\" \/>\n<meta property=\"og:locale\" content=\"en_GB\" \/>\n<meta property=\"og:type\" content=\"article\" \/>\n<meta property=\"og:title\" content=\"7\u00e8me Journ\u00e9e Montpelli\u00e9raine d\u2019Ophtalmologie - NIDEK France\" \/>\n<meta property=\"og:description\" content=\"La 7\u00e8me Journ\u00e9e Montpelli\u00e9raine d\u2019Ophtalmologie se tiendra le samedi 19 novembre 2022 au CORUM de Montpellier NIDEK sera pr\u00e9sent pour vous !\" \/>\n<meta property=\"og:url\" content=\"https:\/\/www.nidek.fr\/en\/7eme-journee-montpellieraine-dophtalmologie\/\" \/>\n<meta property=\"og:site_name\" content=\"NIDEK France\" \/>\n<meta property=\"article:published_time\" content=\"2022-10-20T07:00:29+00:00\" \/>\n<meta property=\"article:modified_time\" content=\"2023-11-22T08:30:09+00:00\" \/>\n<meta property=\"og:image\" content=\"https:\/\/www.nidek.fr\/wp-content\/uploads\/2022\/08\/JMO.png\" \/>\n\t<meta property=\"og:image:width\" content=\"981\" \/>\n\t<meta property=\"og:image:height\" content=\"488\" \/>\n\t<meta property=\"og:image:type\" content=\"image\/png\" \/>\n<meta name=\"author\" content=\"Thomas Topuzoglu\" \/>\n<meta name=\"twitter:card\" content=\"summary_large_image\" \/>\n<meta name=\"twitter:creator\" content=\"@tech@trafic-influence.com\" \/>\n<meta name=\"twitter:label1\" content=\"Written by\" \/>\n\t<meta name=\"twitter:data1\" content=\"Thomas Topuzoglu\" \/>\n<script type=\"application\/ld+json\" class=\"yoast-schema-graph\">{\"@context\":\"https:\\\/\\\/schema.org\",\"@graph\":[{\"@type\":\"Article\",\"@id\":\"https:\\\/\\\/www.nidek.fr\\\/7eme-journee-montpellieraine-dophtalmologie\\\/#article\",\"isPartOf\":{\"@id\":\"https:\\\/\\\/www.nidek.fr\\\/7eme-journee-montpellieraine-dophtalmologie\\\/\"},\"author\":{\"name\":\"Thomas Topuzoglu\",\"@id\":\"https:\\\/\\\/www.nidek.fr\\\/#\\\/schema\\\/person\\\/66054007a07703e4531a1dd51a0d3b45\"},\"headline\":\"7\u00e8me Journ\u00e9e Montpelli\u00e9raine d\u2019Ophtalmologie\",\"datePublished\":\"2022-10-20T07:00:29+00:00\",\"dateModified\":\"2023-11-22T08:30:09+00:00\",\"mainEntityOfPage\":{\"@id\":\"https:\\\/\\\/www.nidek.fr\\\/7eme-journee-montpellieraine-dophtalmologie\\\/\"},\"wordCount\":7,\"commentCount\":0,\"image\":{\"@id\":\"https:\\\/\\\/www.nidek.fr\\\/7eme-journee-montpellieraine-dophtalmologie\\\/#primaryimage\"},\"thumbnailUrl\":\"https:\\\/\\\/www.nidek.fr\\\/wp-content\\\/uploads\\\/2022\\\/08\\\/JMO.png\",\"articleSection\":[\"Non class\u00e9\"],\"inLanguage\":\"en-GB\",\"potentialAction\":[{\"@type\":\"CommentAction\",\"name\":\"Comment\",\"target\":[\"https:\\\/\\\/www.nidek.fr\\\/7eme-journee-montpellieraine-dophtalmologie\\\/#respond\"]}]},{\"@type\":\"WebPage\",\"@id\":\"https:\\\/\\\/www.nidek.fr\\\/7eme-journee-montpellieraine-dophtalmologie\\\/\",\"url\":\"https:\\\/\\\/www.nidek.fr\\\/7eme-journee-montpellieraine-dophtalmologie\\\/\",\"name\":\"7\u00e8me Journ\u00e9e Montpelli\u00e9raine d\u2019Ophtalmologie - NIDEK France\",\"isPartOf\":{\"@id\":\"https:\\\/\\\/www.nidek.fr\\\/#website\"},\"primaryImageOfPage\":{\"@id\":\"https:\\\/\\\/www.nidek.fr\\\/7eme-journee-montpellieraine-dophtalmologie\\\/#primaryimage\"},\"image\":{\"@id\":\"https:\\\/\\\/www.nidek.fr\\\/7eme-journee-montpellieraine-dophtalmologie\\\/#primaryimage\"},\"thumbnailUrl\":\"https:\\\/\\\/www.nidek.fr\\\/wp-content\\\/uploads\\\/2022\\\/08\\\/JMO.png\",\"datePublished\":\"2022-10-20T07:00:29+00:00\",\"dateModified\":\"2023-11-22T08:30:09+00:00\",\"author\":{\"@id\":\"https:\\\/\\\/www.nidek.fr\\\/#\\\/schema\\\/person\\\/66054007a07703e4531a1dd51a0d3b45\"},\"description\":\"La 7\u00e8me Journ\u00e9e Montpelli\u00e9raine d\u2019Ophtalmologie se tiendra le samedi 19 novembre 2022 au CORUM de Montpellier NIDEK sera pr\u00e9sent pour vous !\",\"breadcrumb\":{\"@id\":\"https:\\\/\\\/www.nidek.fr\\\/7eme-journee-montpellieraine-dophtalmologie\\\/#breadcrumb\"},\"inLanguage\":\"en-GB\",\"potentialAction\":[{\"@type\":\"ReadAction\",\"target\":[\"https:\\\/\\\/www.nidek.fr\\\/7eme-journee-montpellieraine-dophtalmologie\\\/\"]}]},{\"@type\":\"ImageObject\",\"inLanguage\":\"en-GB\",\"@id\":\"https:\\\/\\\/www.nidek.fr\\\/7eme-journee-montpellieraine-dophtalmologie\\\/#primaryimage\",\"url\":\"https:\\\/\\\/www.nidek.fr\\\/wp-content\\\/uploads\\\/2022\\\/08\\\/JMO.png\",\"contentUrl\":\"https:\\\/\\\/www.nidek.fr\\\/wp-content\\\/uploads\\\/2022\\\/08\\\/JMO.png\",\"width\":981,\"height\":488},{\"@type\":\"BreadcrumbList\",\"@id\":\"https:\\\/\\\/www.nidek.fr\\\/7eme-journee-montpellieraine-dophtalmologie\\\/#breadcrumb\",\"itemListElement\":[{\"@type\":\"ListItem\",\"position\":1,\"name\":\"Accueil\",\"item\":\"https:\\\/\\\/www.nidek.fr\\\/\"},{\"@type\":\"ListItem\",\"position\":2,\"name\":\"7\u00e8me Journ\u00e9e Montpelli\u00e9raine d\u2019Ophtalmologie\"}]},{\"@type\":\"WebSite\",\"@id\":\"https:\\\/\\\/www.nidek.fr\\\/#website\",\"url\":\"https:\\\/\\\/www.nidek.fr\\\/\",\"name\":\"NIDEK France\",\"description\":\"The Art of Eye Care\",\"potentialAction\":[{\"@type\":\"SearchAction\",\"target\":{\"@type\":\"EntryPoint\",\"urlTemplate\":\"https:\\\/\\\/www.nidek.fr\\\/?s={search_term_string}\"},\"query-input\":{\"@type\":\"PropertyValueSpecification\",\"valueRequired\":true,\"valueName\":\"search_term_string\"}}],\"inLanguage\":\"en-GB\"},{\"@type\":\"Person\",\"@id\":\"https:\\\/\\\/www.nidek.fr\\\/#\\\/schema\\\/person\\\/66054007a07703e4531a1dd51a0d3b45\",\"name\":\"Thomas Topuzoglu\",\"image\":{\"@type\":\"ImageObject\",\"inLanguage\":\"en-GB\",\"@id\":\"https:\\\/\\\/secure.gravatar.com\\\/avatar\\\/92b13846a5f3697c2b12c8825d8c12370af89a597ee708451d00371fdd1eedf0?s=96&d=mm&r=g\",\"url\":\"https:\\\/\\\/secure.gravatar.com\\\/avatar\\\/92b13846a5f3697c2b12c8825d8c12370af89a597ee708451d00371fdd1eedf0?s=96&d=mm&r=g\",\"contentUrl\":\"https:\\\/\\\/secure.gravatar.com\\\/avatar\\\/92b13846a5f3697c2b12c8825d8c12370af89a597ee708451d00371fdd1eedf0?s=96&d=mm&r=g\",\"caption\":\"Thomas Topuzoglu\"},\"sameAs\":[\"https:\\\/\\\/x.com\\\/tech@trafic-influence.com\"],\"url\":\"https:\\\/\\\/www.nidek.fr\\\/en\\\/author\\\/ttopuzoglu\\\/\"}]}<\/script>\n<!-- \/ Yoast SEO plugin. -->","yoast_head_json":{"title":"7\u00e8me Journ\u00e9e Montpelli\u00e9raine d\u2019Ophtalmologie - NIDEK France","description":"La 7\u00e8me Journ\u00e9e Montpelli\u00e9raine d\u2019Ophtalmologie se tiendra le samedi 19 novembre 2022 au CORUM de Montpellier NIDEK sera pr\u00e9sent pour vous !","robots":{"index":"index","follow":"follow","max-snippet":"max-snippet:-1","max-image-preview":"max-image-preview:large","max-video-preview":"max-video-preview:-1"},"canonical":"https:\/\/www.nidek.fr\/en\/7eme-journee-montpellieraine-dophtalmologie\/","og_locale":"en_GB","og_type":"article","og_title":"7\u00e8me Journ\u00e9e Montpelli\u00e9raine d\u2019Ophtalmologie - NIDEK France","og_description":"La 7\u00e8me Journ\u00e9e Montpelli\u00e9raine d\u2019Ophtalmologie se tiendra le samedi 19 novembre 2022 au CORUM de Montpellier NIDEK sera pr\u00e9sent pour vous !","og_url":"https:\/\/www.nidek.fr\/en\/7eme-journee-montpellieraine-dophtalmologie\/","og_site_name":"NIDEK France","article_published_time":"2022-10-20T07:00:29+00:00","article_modified_time":"2023-11-22T08:30:09+00:00","og_image":[{"width":981,"height":488,"url":"https:\/\/www.nidek.fr\/wp-content\/uploads\/2022\/08\/JMO.png","type":"image\/png"}],"author":"Thomas Topuzoglu","twitter_card":"summary_large_image","twitter_creator":"@tech@trafic-influence.com","twitter_misc":{"Written by":"Thomas Topuzoglu"},"schema":{"@context":"https:\/\/schema.org","@graph":[{"@type":"Article","@id":"https:\/\/www.nidek.fr\/7eme-journee-montpellieraine-dophtalmologie\/#article","isPartOf":{"@id":"https:\/\/www.nidek.fr\/7eme-journee-montpellieraine-dophtalmologie\/"},"author":{"name":"Thomas Topuzoglu","@id":"https:\/\/www.nidek.fr\/#\/schema\/person\/66054007a07703e4531a1dd51a0d3b45"},"headline":"7\u00e8me Journ\u00e9e Montpelli\u00e9raine d\u2019Ophtalmologie","datePublished":"2022-10-20T07:00:29+00:00","dateModified":"2023-11-22T08:30:09+00:00","mainEntityOfPage":{"@id":"https:\/\/www.nidek.fr\/7eme-journee-montpellieraine-dophtalmologie\/"},"wordCount":7,"commentCount":0,"image":{"@id":"https:\/\/www.nidek.fr\/7eme-journee-montpellieraine-dophtalmologie\/#primaryimage"},"thumbnailUrl":"https:\/\/www.nidek.fr\/wp-content\/uploads\/2022\/08\/JMO.png","articleSection":["Non class\u00e9"],"inLanguage":"en-GB","potentialAction":[{"@type":"CommentAction","name":"Comment","target":["https:\/\/www.nidek.fr\/7eme-journee-montpellieraine-dophtalmologie\/#respond"]}]},{"@type":"WebPage","@id":"https:\/\/www.nidek.fr\/7eme-journee-montpellieraine-dophtalmologie\/","url":"https:\/\/www.nidek.fr\/7eme-journee-montpellieraine-dophtalmologie\/","name":"7\u00e8me Journ\u00e9e Montpelli\u00e9raine d\u2019Ophtalmologie - NIDEK France","isPartOf":{"@id":"https:\/\/www.nidek.fr\/#website"},"primaryImageOfPage":{"@id":"https:\/\/www.nidek.fr\/7eme-journee-montpellieraine-dophtalmologie\/#primaryimage"},"image":{"@id":"https:\/\/www.nidek.fr\/7eme-journee-montpellieraine-dophtalmologie\/#primaryimage"},"thumbnailUrl":"https:\/\/www.nidek.fr\/wp-content\/uploads\/2022\/08\/JMO.png","datePublished":"2022-10-20T07:00:29+00:00","dateModified":"2023-11-22T08:30:09+00:00","author":{"@id":"https:\/\/www.nidek.fr\/#\/schema\/person\/66054007a07703e4531a1dd51a0d3b45"},"description":"La 7\u00e8me Journ\u00e9e Montpelli\u00e9raine d\u2019Ophtalmologie se tiendra le samedi 19 novembre 2022 au CORUM de Montpellier NIDEK sera pr\u00e9sent pour vous !","breadcrumb":{"@id":"https:\/\/www.nidek.fr\/7eme-journee-montpellieraine-dophtalmologie\/#breadcrumb"},"inLanguage":"en-GB","potentialAction":[{"@type":"ReadAction","target":["https:\/\/www.nidek.fr\/7eme-journee-montpellieraine-dophtalmologie\/"]}]},{"@type":"ImageObject","inLanguage":"en-GB","@id":"https:\/\/www.nidek.fr\/7eme-journee-montpellieraine-dophtalmologie\/#primaryimage","url":"https:\/\/www.nidek.fr\/wp-content\/uploads\/2022\/08\/JMO.png","contentUrl":"https:\/\/www.nidek.fr\/wp-content\/uploads\/2022\/08\/JMO.png","width":981,"height":488},{"@type":"BreadcrumbList","@id":"https:\/\/www.nidek.fr\/7eme-journee-montpellieraine-dophtalmologie\/#breadcrumb","itemListElement":[{"@type":"ListItem","position":1,"name":"Accueil","item":"https:\/\/www.nidek.fr\/"},{"@type":"ListItem","position":2,"name":"7\u00e8me Journ\u00e9e Montpelli\u00e9raine d\u2019Ophtalmologie"}]},{"@type":"WebSite","@id":"https:\/\/www.nidek.fr\/#website","url":"https:\/\/www.nidek.fr\/","name":"NIDEK France","description":"The Art of Eye Care","potentialAction":[{"@type":"SearchAction","target":{"@type":"EntryPoint","urlTemplate":"https:\/\/www.nidek.fr\/?s={search_term_string}"},"query-input":{"@type":"PropertyValueSpecification","valueRequired":true,"valueName":"search_term_string"}}],"inLanguage":"en-GB"},{"@type":"Person","@id":"https:\/\/www.nidek.fr\/#\/schema\/person\/66054007a07703e4531a1dd51a0d3b45","name":"Thomas Topuzoglu","image":{"@type":"ImageObject","inLanguage":"en-GB","@id":"https:\/\/secure.gravatar.com\/avatar\/92b13846a5f3697c2b12c8825d8c12370af89a597ee708451d00371fdd1eedf0?s=96&d=mm&r=g","url":"https:\/\/secure.gravatar.com\/avatar\/92b13846a5f3697c2b12c8825d8c12370af89a597ee708451d00371fdd1eedf0?s=96&d=mm&r=g","contentUrl":"https:\/\/secure.gravatar.com\/avatar\/92b13846a5f3697c2b12c8825d8c12370af89a597ee708451d00371fdd1eedf0?s=96&d=mm&r=g","caption":"Thomas Topuzoglu"},"sameAs":["https:\/\/x.com\/tech@trafic-influence.com"],"url":"https:\/\/www.nidek.fr\/en\/author\/ttopuzoglu\/"}]}},"_links":{"self":[{"href":"https:\/\/www.nidek.fr\/en\/wp-json\/wp\/v2\/posts\/13108","targetHints":{"allow":["GET"]}}],"collection":[{"href":"https:\/\/www.nidek.fr\/en\/wp-json\/wp\/v2\/posts"}],"about":[{"href":"https:\/\/www.nidek.fr\/en\/wp-json\/wp\/v2\/types\/post"}],"author":[{"embeddable":true,"href":"https:\/\/www.nidek.fr\/en\/wp-json\/wp\/v2\/users\/8"}],"replies":[{"embeddable":true,"href":"https:\/\/www.nidek.fr\/en\/wp-json\/wp\/v2\/comments?post=13108"}],"version-history":[{"count":1,"href":"https:\/\/www.nidek.fr\/en\/wp-json\/wp\/v2\/posts\/13108\/revisions"}],"predecessor-version":[{"id":13110,"href":"https:\/\/www.nidek.fr\/en\/wp-json\/wp\/v2\/posts\/13108\/revisions\/13110"}],"wp:featuredmedia":[{"embeddable":true,"href":"https:\/\/www.nidek.fr\/en\/wp-json\/wp\/v2\/media\/13109"}],"wp:attachment":[{"href":"https:\/\/www.nidek.fr\/en\/wp-json\/wp\/v2\/media?parent=13108"}],"wp:term":[{"taxonomy":"category","embeddable":true,"href":"https:\/\/www.nidek.fr\/en\/wp-json\/wp\/v2\/categories?post=13108"},{"taxonomy":"post_tag","embeddable":true,"href":"https:\/\/www.nidek.fr\/en\/wp-json\/wp\/v2\/tags?post=13108"}],"curies":[{"name":"wp","href":"https:\/\/api.w.org\/{rel}","templated":true}]}}