{"id":13631,"date":"2023-11-22T11:35:01","date_gmt":"2023-11-22T10:35:01","guid":{"rendered":"https:\/\/www.nidek.fr\/?p=13631"},"modified":"2023-11-30T11:33:17","modified_gmt":"2023-11-30T10:33:17","slug":"silmo-2023","status":"publish","type":"post","link":"https:\/\/www.nidek.fr\/en\/silmo-2023\/","title":{"rendered":"SILMO 2023"},"content":{"rendered":"<p>En tant qu\u2019acteur majeur du march\u00e9 de l\u2019optique, NIDEK a particip\u00e9 au Salon Mondial de l\u2019Optique, le SILMO 2023. Du 29 septembre au 2 octobre, nous avons eu le privil\u00e8ge de partager nos derni\u00e8res avanc\u00e9es, d\u2019explorer de nouvelles opportunit\u00e9s et de c\u00e9l\u00e9brer l\u2019avenir de la sant\u00e9 visuelle.<\/p>\n<p><strong>Innovations et d\u00e9couvertes<\/strong><\/p>\n<p>Pendant ces quatre jours passionnants, nous avons eu l\u2019opportunit\u00e9 de pr\u00e9senter fi\u00e8rement nos innovations de pointe, nos produits phares dont <a href=\"https:\/\/www.nidek.fr\/en\/solution-de-teleconsultation\/\">notre solution de t\u00e9l\u00e9consultation<\/a>. L\u2019accueil chaleureux et l\u2019int\u00e9r\u00eat manifest\u00e9 par les visiteurs ont \u00e9t\u00e9 une source d\u2019inspiration et de validation de notre engagement continu envers l\u2019excellence optique.<\/p>\n<p><strong>\u00c9changes enrichissants avec nos pairs<\/strong><\/p>\n<p>Les discussions approfondies avec nos pairs, partenaires commerciaux et passionn\u00e9s du secteur ont \u00e9t\u00e9 un moment fort de notre participation. Partager nos connaissances, \u00e9couter les tendances \u00e9mergentes et discuter des d\u00e9fis de l\u2019industrie nous a permis de renforcer les liens existants et d\u2019en \u00e9tablir de nouveaux.<\/p>\n<p><strong>Le Regard vers l\u2019Avenir<\/strong><\/p>\n<p>Au-del\u00e0 du SILMO 2023, nous restons d\u00e9termin\u00e9s \u00e0 fa\u00e7onner l\u2019avenir de l\u2019optique. Les r\u00e9actions positives et les reconnaissances re\u00e7ues au cours de cet \u00e9v\u00e9nement renforcent notre conviction que la pr\u00e9cision, l\u2019innovation et la responsabilit\u00e9 sont les piliers de notre mission.<\/p>\n<p>NIDEK exprime sa gratitude envers tous ceux qui ont contribu\u00e9 \u00e0 faire de notre participation au SILMO 2023 un succ\u00e8s retentissant. Nous sommes impatients de continuer \u00e0 repousser les limites de l\u2019optique, avec votre soutien ind\u00e9fectible.<\/p>\n<p><iframe title=\"SILMO 2023\" width=\"800\" height=\"450\" src=\"https:\/\/www.youtube.com\/embed\/0u-GwYulDrE?feature=oembed\" frameborder=\"0\" allow=\"accelerometer; autoplay; clipboard-write; encrypted-media; gyroscope; picture-in-picture; web-share\" allowfullscreen><\/iframe><\/p>","protected":false},"excerpt":{"rendered":"<p>En tant qu\u2019acteur majeur du march\u00e9 de l\u2019optique, NIDEK a particip\u00e9 au Salon Mondial de l\u2019Optique, le SILMO 2023. Du 29 septembre au 2 octobre, nous avons eu le privil\u00e8ge de partager nos derni\u00e8res avanc\u00e9es, d\u2019explorer de nouvelles opportunit\u00e9s et de c\u00e9l\u00e9brer l\u2019avenir de la sant\u00e9 visuelle. Innovations et d\u00e9couvertes Pendant ces quatre jours passionnants, [&hellip;]<\/p>","protected":false},"author":8,"featured_media":13634,"comment_status":"open","ping_status":"open","sticky":false,"template":"","format":"standard","meta":{"_acf_changed":false,"footnotes":""},"categories":[11],"tags":[],"class_list":["post-13631","post","type-post","status-publish","format-standard","has-post-thumbnail","hentry","category-evenements"],"acf":[],"yoast_head":"<!-- This site is optimized with the Yoast SEO plugin v27.5 - https:\/\/yoast.com\/product\/yoast-seo-wordpress\/ -->\n<title>SILMO 2023 - NIDEK France<\/title>\n<meta name=\"description\" content=\"En tant qu\u2019acteur majeur du march\u00e9 de l\u2019optique, NIDEK a particip\u00e9 au Salon Mondial de l\u2019Optique, le SILMO 2023. Du 29 septembre au 2 octobre, nous avons\" \/>\n<meta name=\"robots\" content=\"index, follow, max-snippet:-1, max-image-preview:large, max-video-preview:-1\" \/>\n<link rel=\"canonical\" href=\"https:\/\/www.nidek.fr\/en\/silmo-2023\/\" \/>\n<meta property=\"og:locale\" content=\"en_GB\" \/>\n<meta property=\"og:type\" content=\"article\" \/>\n<meta property=\"og:title\" content=\"SILMO 2023 - NIDEK France\" \/>\n<meta property=\"og:description\" content=\"En tant qu\u2019acteur majeur du march\u00e9 de l\u2019optique, NIDEK a particip\u00e9 au Salon Mondial de l\u2019Optique, le SILMO 2023. Du 29 septembre au 2 octobre, nous avons\" \/>\n<meta property=\"og:url\" content=\"https:\/\/www.nidek.fr\/en\/silmo-2023\/\" \/>\n<meta property=\"og:site_name\" content=\"NIDEK France\" \/>\n<meta property=\"article:published_time\" content=\"2023-11-22T10:35:01+00:00\" \/>\n<meta property=\"article:modified_time\" content=\"2023-11-30T10:33:17+00:00\" \/>\n<meta property=\"og:image\" content=\"https:\/\/www.nidek.fr\/wp-content\/uploads\/2023\/11\/DSC09906-1-1024x1024.jpg\" \/>\n\t<meta property=\"og:image:width\" content=\"1024\" \/>\n\t<meta property=\"og:image:height\" content=\"1024\" \/>\n\t<meta property=\"og:image:type\" content=\"image\/jpeg\" \/>\n<meta name=\"author\" content=\"Thomas Topuzoglu\" \/>\n<meta name=\"twitter:card\" content=\"summary_large_image\" \/>\n<meta name=\"twitter:creator\" content=\"@tech@trafic-influence.com\" \/>\n<meta name=\"twitter:label1\" content=\"Written by\" \/>\n\t<meta name=\"twitter:data1\" content=\"Thomas Topuzoglu\" \/>\n\t<meta name=\"twitter:label2\" content=\"Estimated reading time\" \/>\n\t<meta name=\"twitter:data2\" content=\"2 minutes\" \/>\n<script type=\"application\/ld+json\" class=\"yoast-schema-graph\">{\"@context\":\"https:\\\/\\\/schema.org\",\"@graph\":[{\"@type\":\"Article\",\"@id\":\"https:\\\/\\\/www.nidek.fr\\\/silmo-2023\\\/#article\",\"isPartOf\":{\"@id\":\"https:\\\/\\\/www.nidek.fr\\\/silmo-2023\\\/\"},\"author\":{\"name\":\"Thomas Topuzoglu\",\"@id\":\"https:\\\/\\\/www.nidek.fr\\\/#\\\/schema\\\/person\\\/66054007a07703e4531a1dd51a0d3b45\"},\"headline\":\"SILMO 2023\",\"datePublished\":\"2023-11-22T10:35:01+00:00\",\"dateModified\":\"2023-11-30T10:33:17+00:00\",\"mainEntityOfPage\":{\"@id\":\"https:\\\/\\\/www.nidek.fr\\\/silmo-2023\\\/\"},\"wordCount\":266,\"commentCount\":0,\"image\":{\"@id\":\"https:\\\/\\\/www.nidek.fr\\\/silmo-2023\\\/#primaryimage\"},\"thumbnailUrl\":\"https:\\\/\\\/www.nidek.fr\\\/wp-content\\\/uploads\\\/2023\\\/11\\\/DSC09906-1.jpg\",\"articleSection\":[\"\u00c9v\u00e8nements\"],\"inLanguage\":\"en-GB\",\"potentialAction\":[{\"@type\":\"CommentAction\",\"name\":\"Comment\",\"target\":[\"https:\\\/\\\/www.nidek.fr\\\/silmo-2023\\\/#respond\"]}]},{\"@type\":\"WebPage\",\"@id\":\"https:\\\/\\\/www.nidek.fr\\\/silmo-2023\\\/\",\"url\":\"https:\\\/\\\/www.nidek.fr\\\/silmo-2023\\\/\",\"name\":\"SILMO 2023 - NIDEK France\",\"isPartOf\":{\"@id\":\"https:\\\/\\\/www.nidek.fr\\\/#website\"},\"primaryImageOfPage\":{\"@id\":\"https:\\\/\\\/www.nidek.fr\\\/silmo-2023\\\/#primaryimage\"},\"image\":{\"@id\":\"https:\\\/\\\/www.nidek.fr\\\/silmo-2023\\\/#primaryimage\"},\"thumbnailUrl\":\"https:\\\/\\\/www.nidek.fr\\\/wp-content\\\/uploads\\\/2023\\\/11\\\/DSC09906-1.jpg\",\"datePublished\":\"2023-11-22T10:35:01+00:00\",\"dateModified\":\"2023-11-30T10:33:17+00:00\",\"author\":{\"@id\":\"https:\\\/\\\/www.nidek.fr\\\/#\\\/schema\\\/person\\\/66054007a07703e4531a1dd51a0d3b45\"},\"description\":\"En tant qu\u2019acteur majeur du march\u00e9 de l\u2019optique, NIDEK a particip\u00e9 au Salon Mondial de l\u2019Optique, le SILMO 2023. Du 29 septembre au 2 octobre, nous avons\",\"breadcrumb\":{\"@id\":\"https:\\\/\\\/www.nidek.fr\\\/silmo-2023\\\/#breadcrumb\"},\"inLanguage\":\"en-GB\",\"potentialAction\":[{\"@type\":\"ReadAction\",\"target\":[\"https:\\\/\\\/www.nidek.fr\\\/silmo-2023\\\/\"]}]},{\"@type\":\"ImageObject\",\"inLanguage\":\"en-GB\",\"@id\":\"https:\\\/\\\/www.nidek.fr\\\/silmo-2023\\\/#primaryimage\",\"url\":\"https:\\\/\\\/www.nidek.fr\\\/wp-content\\\/uploads\\\/2023\\\/11\\\/DSC09906-1.jpg\",\"contentUrl\":\"https:\\\/\\\/www.nidek.fr\\\/wp-content\\\/uploads\\\/2023\\\/11\\\/DSC09906-1.jpg\",\"width\":5912,\"height\":3941},{\"@type\":\"BreadcrumbList\",\"@id\":\"https:\\\/\\\/www.nidek.fr\\\/silmo-2023\\\/#breadcrumb\",\"itemListElement\":[{\"@type\":\"ListItem\",\"position\":1,\"name\":\"Accueil\",\"item\":\"https:\\\/\\\/www.nidek.fr\\\/\"},{\"@type\":\"ListItem\",\"position\":2,\"name\":\"SILMO 2023\"}]},{\"@type\":\"WebSite\",\"@id\":\"https:\\\/\\\/www.nidek.fr\\\/#website\",\"url\":\"https:\\\/\\\/www.nidek.fr\\\/\",\"name\":\"NIDEK France\",\"description\":\"The Art of Eye Care\",\"potentialAction\":[{\"@type\":\"SearchAction\",\"target\":{\"@type\":\"EntryPoint\",\"urlTemplate\":\"https:\\\/\\\/www.nidek.fr\\\/?s={search_term_string}\"},\"query-input\":{\"@type\":\"PropertyValueSpecification\",\"valueRequired\":true,\"valueName\":\"search_term_string\"}}],\"inLanguage\":\"en-GB\"},{\"@type\":\"Person\",\"@id\":\"https:\\\/\\\/www.nidek.fr\\\/#\\\/schema\\\/person\\\/66054007a07703e4531a1dd51a0d3b45\",\"name\":\"Thomas Topuzoglu\",\"image\":{\"@type\":\"ImageObject\",\"inLanguage\":\"en-GB\",\"@id\":\"https:\\\/\\\/secure.gravatar.com\\\/avatar\\\/92b13846a5f3697c2b12c8825d8c12370af89a597ee708451d00371fdd1eedf0?s=96&d=mm&r=g\",\"url\":\"https:\\\/\\\/secure.gravatar.com\\\/avatar\\\/92b13846a5f3697c2b12c8825d8c12370af89a597ee708451d00371fdd1eedf0?s=96&d=mm&r=g\",\"contentUrl\":\"https:\\\/\\\/secure.gravatar.com\\\/avatar\\\/92b13846a5f3697c2b12c8825d8c12370af89a597ee708451d00371fdd1eedf0?s=96&d=mm&r=g\",\"caption\":\"Thomas Topuzoglu\"},\"sameAs\":[\"https:\\\/\\\/x.com\\\/tech@trafic-influence.com\"],\"url\":\"https:\\\/\\\/www.nidek.fr\\\/en\\\/author\\\/ttopuzoglu\\\/\"}]}<\/script>\n<!-- \/ Yoast SEO plugin. -->","yoast_head_json":{"title":"SILMO 2023 - NIDEK France","description":"En tant qu\u2019acteur majeur du march\u00e9 de l\u2019optique, NIDEK a particip\u00e9 au Salon Mondial de l\u2019Optique, le SILMO 2023. Du 29 septembre au 2 octobre, nous avons","robots":{"index":"index","follow":"follow","max-snippet":"max-snippet:-1","max-image-preview":"max-image-preview:large","max-video-preview":"max-video-preview:-1"},"canonical":"https:\/\/www.nidek.fr\/en\/silmo-2023\/","og_locale":"en_GB","og_type":"article","og_title":"SILMO 2023 - NIDEK France","og_description":"En tant qu\u2019acteur majeur du march\u00e9 de l\u2019optique, NIDEK a particip\u00e9 au Salon Mondial de l\u2019Optique, le SILMO 2023. Du 29 septembre au 2 octobre, nous avons","og_url":"https:\/\/www.nidek.fr\/en\/silmo-2023\/","og_site_name":"NIDEK France","article_published_time":"2023-11-22T10:35:01+00:00","article_modified_time":"2023-11-30T10:33:17+00:00","og_image":[{"width":1024,"height":1024,"url":"https:\/\/www.nidek.fr\/wp-content\/uploads\/2023\/11\/DSC09906-1-1024x1024.jpg","type":"image\/jpeg"}],"author":"Thomas Topuzoglu","twitter_card":"summary_large_image","twitter_creator":"@tech@trafic-influence.com","twitter_misc":{"Written by":"Thomas Topuzoglu","Estimated reading time":"2 minutes"},"schema":{"@context":"https:\/\/schema.org","@graph":[{"@type":"Article","@id":"https:\/\/www.nidek.fr\/silmo-2023\/#article","isPartOf":{"@id":"https:\/\/www.nidek.fr\/silmo-2023\/"},"author":{"name":"Thomas Topuzoglu","@id":"https:\/\/www.nidek.fr\/#\/schema\/person\/66054007a07703e4531a1dd51a0d3b45"},"headline":"SILMO 2023","datePublished":"2023-11-22T10:35:01+00:00","dateModified":"2023-11-30T10:33:17+00:00","mainEntityOfPage":{"@id":"https:\/\/www.nidek.fr\/silmo-2023\/"},"wordCount":266,"commentCount":0,"image":{"@id":"https:\/\/www.nidek.fr\/silmo-2023\/#primaryimage"},"thumbnailUrl":"https:\/\/www.nidek.fr\/wp-content\/uploads\/2023\/11\/DSC09906-1.jpg","articleSection":["\u00c9v\u00e8nements"],"inLanguage":"en-GB","potentialAction":[{"@type":"CommentAction","name":"Comment","target":["https:\/\/www.nidek.fr\/silmo-2023\/#respond"]}]},{"@type":"WebPage","@id":"https:\/\/www.nidek.fr\/silmo-2023\/","url":"https:\/\/www.nidek.fr\/silmo-2023\/","name":"SILMO 2023 - NIDEK France","isPartOf":{"@id":"https:\/\/www.nidek.fr\/#website"},"primaryImageOfPage":{"@id":"https:\/\/www.nidek.fr\/silmo-2023\/#primaryimage"},"image":{"@id":"https:\/\/www.nidek.fr\/silmo-2023\/#primaryimage"},"thumbnailUrl":"https:\/\/www.nidek.fr\/wp-content\/uploads\/2023\/11\/DSC09906-1.jpg","datePublished":"2023-11-22T10:35:01+00:00","dateModified":"2023-11-30T10:33:17+00:00","author":{"@id":"https:\/\/www.nidek.fr\/#\/schema\/person\/66054007a07703e4531a1dd51a0d3b45"},"description":"En tant qu\u2019acteur majeur du march\u00e9 de l\u2019optique, NIDEK a particip\u00e9 au Salon Mondial de l\u2019Optique, le SILMO 2023. Du 29 septembre au 2 octobre, nous avons","breadcrumb":{"@id":"https:\/\/www.nidek.fr\/silmo-2023\/#breadcrumb"},"inLanguage":"en-GB","potentialAction":[{"@type":"ReadAction","target":["https:\/\/www.nidek.fr\/silmo-2023\/"]}]},{"@type":"ImageObject","inLanguage":"en-GB","@id":"https:\/\/www.nidek.fr\/silmo-2023\/#primaryimage","url":"https:\/\/www.nidek.fr\/wp-content\/uploads\/2023\/11\/DSC09906-1.jpg","contentUrl":"https:\/\/www.nidek.fr\/wp-content\/uploads\/2023\/11\/DSC09906-1.jpg","width":5912,"height":3941},{"@type":"BreadcrumbList","@id":"https:\/\/www.nidek.fr\/silmo-2023\/#breadcrumb","itemListElement":[{"@type":"ListItem","position":1,"name":"Accueil","item":"https:\/\/www.nidek.fr\/"},{"@type":"ListItem","position":2,"name":"SILMO 2023"}]},{"@type":"WebSite","@id":"https:\/\/www.nidek.fr\/#website","url":"https:\/\/www.nidek.fr\/","name":"NIDEK France","description":"The Art of Eye Care","potentialAction":[{"@type":"SearchAction","target":{"@type":"EntryPoint","urlTemplate":"https:\/\/www.nidek.fr\/?s={search_term_string}"},"query-input":{"@type":"PropertyValueSpecification","valueRequired":true,"valueName":"search_term_string"}}],"inLanguage":"en-GB"},{"@type":"Person","@id":"https:\/\/www.nidek.fr\/#\/schema\/person\/66054007a07703e4531a1dd51a0d3b45","name":"Thomas Topuzoglu","image":{"@type":"ImageObject","inLanguage":"en-GB","@id":"https:\/\/secure.gravatar.com\/avatar\/92b13846a5f3697c2b12c8825d8c12370af89a597ee708451d00371fdd1eedf0?s=96&d=mm&r=g","url":"https:\/\/secure.gravatar.com\/avatar\/92b13846a5f3697c2b12c8825d8c12370af89a597ee708451d00371fdd1eedf0?s=96&d=mm&r=g","contentUrl":"https:\/\/secure.gravatar.com\/avatar\/92b13846a5f3697c2b12c8825d8c12370af89a597ee708451d00371fdd1eedf0?s=96&d=mm&r=g","caption":"Thomas Topuzoglu"},"sameAs":["https:\/\/x.com\/tech@trafic-influence.com"],"url":"https:\/\/www.nidek.fr\/en\/author\/ttopuzoglu\/"}]}},"_links":{"self":[{"href":"https:\/\/www.nidek.fr\/en\/wp-json\/wp\/v2\/posts\/13631","targetHints":{"allow":["GET"]}}],"collection":[{"href":"https:\/\/www.nidek.fr\/en\/wp-json\/wp\/v2\/posts"}],"about":[{"href":"https:\/\/www.nidek.fr\/en\/wp-json\/wp\/v2\/types\/post"}],"author":[{"embeddable":true,"href":"https:\/\/www.nidek.fr\/en\/wp-json\/wp\/v2\/users\/8"}],"replies":[{"embeddable":true,"href":"https:\/\/www.nidek.fr\/en\/wp-json\/wp\/v2\/comments?post=13631"}],"version-history":[{"count":3,"href":"https:\/\/www.nidek.fr\/en\/wp-json\/wp\/v2\/posts\/13631\/revisions"}],"predecessor-version":[{"id":13730,"href":"https:\/\/www.nidek.fr\/en\/wp-json\/wp\/v2\/posts\/13631\/revisions\/13730"}],"wp:featuredmedia":[{"embeddable":true,"href":"https:\/\/www.nidek.fr\/en\/wp-json\/wp\/v2\/media\/13634"}],"wp:attachment":[{"href":"https:\/\/www.nidek.fr\/en\/wp-json\/wp\/v2\/media?parent=13631"}],"wp:term":[{"taxonomy":"category","embeddable":true,"href":"https:\/\/www.nidek.fr\/en\/wp-json\/wp\/v2\/categories?post=13631"},{"taxonomy":"post_tag","embeddable":true,"href":"https:\/\/www.nidek.fr\/en\/wp-json\/wp\/v2\/tags?post=13631"}],"curies":[{"name":"wp","href":"https:\/\/api.w.org\/{rel}","templated":true}]}}