{"id":15146,"date":"2026-04-27T15:52:35","date_gmt":"2026-04-27T13:52:35","guid":{"rendered":"https:\/\/www.nidek.fr\/?p=15146"},"modified":"2026-04-27T15:52:35","modified_gmt":"2026-04-27T13:52:35","slug":"nidek-a-la-sfo-votre-programme","status":"publish","type":"post","link":"https:\/\/www.nidek.fr\/en\/nidek-a-la-sfo-votre-programme\/","title":{"rendered":"NIDEK \u00e0 la SFO : votre programme !"},"content":{"rendered":"<p>Du 9 au 11 mai 2026, NIDEK vous donne rendez-vous au Palais des Congr\u00e8s de Paris pour une nouvelle \u00e9dition de la SFO plac\u00e9e sous le signe de la technologie, de cas cliniques et d&rsquo;\u00e9changes. D\u00e9couvrez notre stand repens\u00e9 pour vous offrir une toute nouvelle exp\u00e9rience client et un symposium imagerie par trois experts reconnus.<\/p>\n<p>&nbsp;<\/p>\n<h2 style=\"text-align: center;\">Un stand repens\u00e9 pour une nouvelle exp\u00e9rience client<\/h2>\n<p>&nbsp;<\/p>\n<p>Cette ann\u00e9e, NIDEK vous accueille sur un stand enti\u00e8rement repens\u00e9 pour r\u00e9pondre \u00e0 vos besoins. Un parcours patient r\u00e9fl\u00e9chi qui vous permettra de mieux vous projeter dans vos projets. Notre stand NIDEK c&rsquo;est :<\/p>\n<p>&#x1f33f; Un lieu \u00e0 la fois chaleureux et high-tech, \u00e0 l\u2019image de notre vision de l\u2019innovation : humaine, pr\u00e9cise, intuitive.<\/p>\n<p>&#x1f4a1; Une vitrine de la technologie japonaise la plus avanc\u00e9e, port\u00e9e par plus de 30 ans d\u2019expertise en ophtalmologie.<\/p>\n<p>&#x1f449; Retrouvez nous au niveau 2 du Palais des Congr\u00e8s pour d\u00e9couvrir nos derni\u00e8res innovations dans un cadre aussi immersif que raffin\u00e9.<\/p>\n<p>&nbsp;<\/p>\n<p><a href=\"https:\/\/www.nidek.fr\/en\/nidek-a-la-sfo-votre-programme\/parcours-patient\/\" rel=\"attachment wp-att-15149\"><img fetchpriority=\"high\" decoding=\"async\" class=\"wp-image-15149 aligncenter\" src=\"https:\/\/www.nidek.fr\/wp-content\/uploads\/2026\/04\/Parcours-patient.jpg\" alt=\"\" width=\"747\" height=\"488\" srcset=\"https:\/\/www.nidek.fr\/wp-content\/uploads\/2026\/04\/Parcours-patient.jpg 5624w, https:\/\/www.nidek.fr\/wp-content\/uploads\/2026\/04\/Parcours-patient-1536x1003.jpg 1536w, https:\/\/www.nidek.fr\/wp-content\/uploads\/2026\/04\/Parcours-patient-2048x1338.jpg 2048w, https:\/\/www.nidek.fr\/wp-content\/uploads\/2026\/04\/Parcours-patient-18x12.jpg 18w\" sizes=\"(max-width: 747px) 100vw, 747px\" \/><\/a><\/p>\n<p>&nbsp;<\/p>\n<p>&nbsp;<\/p>\n<h2 style=\"text-align: center;\">Symposium NIDEK<\/h2>\n<p>&nbsp;<\/p>\n<h2>Imagerie multimodale en pratique clinique : de la macula au glaucome<\/h2>\n<p>&#x1f4c6; <strong>Samedi 9 mai \u2013 13h20 \u00e0 14h05 \u2013 Salle Passy<\/strong><br \/>\nAu c\u0153ur de cette \u00e9dition 2026, NIDEK organise un symposium exclusif avec trois experts qui partageront leur retour d\u2019exp\u00e9rience autour de l&rsquo;imagerie multimodale :<\/p>\n<p>&nbsp;<\/p>\n<div class=\"pf-presentation-item\" data-v-144be422=\"\">\n<div class=\"pf-presentation-item-left\" data-v-144be422=\"\">\n<div class=\"speaker-list\" data-v-144be422=\"\">\n<div class=\"speaker\" data-v-144be422=\"\"><a href=\"https:\/\/www.nidek.fr\/en\/nidek-a-la-sfo-votre-programme\/banniere-linkedin-technologie-abstraite-en-bleu-et-blanc-2\/\" rel=\"attachment wp-att-15156\"><img decoding=\"async\" class=\"alignnone size-full wp-image-15156\" src=\"https:\/\/www.nidek.fr\/wp-content\/uploads\/2026\/04\/Banniere-LinkedIn-Technologie-Abstraite-en-Bleu-et-Blanc-2.png\" alt=\"\" width=\"1584\" height=\"396\" srcset=\"https:\/\/www.nidek.fr\/wp-content\/uploads\/2026\/04\/Banniere-LinkedIn-Technologie-Abstraite-en-Bleu-et-Blanc-2.png 1584w, https:\/\/www.nidek.fr\/wp-content\/uploads\/2026\/04\/Banniere-LinkedIn-Technologie-Abstraite-en-Bleu-et-Blanc-2-1536x384.png 1536w, https:\/\/www.nidek.fr\/wp-content\/uploads\/2026\/04\/Banniere-LinkedIn-Technologie-Abstraite-en-Bleu-et-Blanc-2-18x5.png 18w\" sizes=\"(max-width: 1584px) 100vw, 1584px\" \/><\/a><\/div>\n<\/div>\n<\/div>\n<\/div>\n<h2><\/h2>\n<p>&nbsp;<\/p>\n<h2 style=\"text-align: center;\">Les produits NIDEK \u00e0 d\u00e9couvrir ou red\u00e9couvrir<\/h2>\n<p>&nbsp;<\/p>\n<p>Tout au long du week-end, vous pourrez manipuler et (re)d\u00e9couvrir les solutions technologiques qui font la diff\u00e9rence chez NIDEK :<\/p>\n<ul>\n<li>Mirante : plateforme d\u2019imagerie r\u00e9tinienne multimodale<\/li>\n<li>RS-1 : OCT nouvelle g\u00e9n\u00e9ration<\/li>\n<li>YAG\/SLT YC-200 : la pr\u00e9cision laser au service de vos traitements<\/li>\n<li>Microp\u00e9rim\u00e9trie : un outil fonctionnel \u00e0 (re)d\u00e9couvrir !<\/li>\n<li>FARS : solution de r\u00e9fraction assist\u00e9e (Fully Assisted Refraction System)<\/li>\n<li>AL-Scan : suivi de la myopie<\/li>\n<li>Nos unit\u00e9s de consultation Origine France Garantie<\/li>\n<li>Et bien d&rsquo;autres solutions pour vos cabinets ou \u00e9tablissements<\/li>\n<\/ul>\n<p>&nbsp;<\/p>\n<p>&#x1f3af; Des d\u00e9monstrations personnalis\u00e9es seront propos\u00e9es sur le stand tout au long du congr\u00e8s.<\/p>","protected":false},"excerpt":{"rendered":"<p>Du 9 au 11 mai 2026, NIDEK vous donne rendez-vous au Palais des Congr\u00e8s de Paris pour une nouvelle \u00e9dition de la SFO plac\u00e9e sous le signe de la technologie, de cas cliniques et d&rsquo;\u00e9changes. D\u00e9couvrez notre stand repens\u00e9 pour vous offrir une toute nouvelle exp\u00e9rience client et un symposium imagerie par trois experts reconnus. [&hellip;]<\/p>","protected":false},"author":10,"featured_media":0,"comment_status":"closed","ping_status":"closed","sticky":false,"template":"","format":"standard","meta":{"_acf_changed":false,"footnotes":""},"categories":[12,11],"tags":[],"class_list":["post-15146","post","type-post","status-publish","format-standard","hentry","category-blog","category-evenements"],"acf":[],"yoast_head":"<!-- This site is optimized with the Yoast SEO plugin v27.4 - https:\/\/yoast.com\/product\/yoast-seo-wordpress\/ -->\n<title>NIDEK \u00e0 la SFO : votre programme ! - NIDEK France<\/title>\n<meta name=\"description\" content=\"Du 9 au 11 mai 2026, NIDEK vous donne rendez-vous au Palais des Congr\u00e8s de Paris pour une nouvelle \u00e9dition de la SFO plac\u00e9e sous le signe de la\" \/>\n<meta name=\"robots\" content=\"index, follow, max-snippet:-1, max-image-preview:large, max-video-preview:-1\" \/>\n<link rel=\"canonical\" href=\"https:\/\/www.nidek.fr\/en\/nidek-a-la-sfo-votre-programme\/\" \/>\n<meta property=\"og:locale\" content=\"en_GB\" \/>\n<meta property=\"og:type\" content=\"article\" \/>\n<meta property=\"og:title\" content=\"NIDEK \u00e0 la SFO : votre programme ! - NIDEK France\" \/>\n<meta property=\"og:description\" content=\"Du 9 au 11 mai 2026, NIDEK vous donne rendez-vous au Palais des Congr\u00e8s de Paris pour une nouvelle \u00e9dition de la SFO plac\u00e9e sous le signe de la\" \/>\n<meta property=\"og:url\" content=\"https:\/\/www.nidek.fr\/en\/nidek-a-la-sfo-votre-programme\/\" \/>\n<meta property=\"og:site_name\" content=\"NIDEK France\" \/>\n<meta property=\"article:published_time\" content=\"2026-04-27T13:52:35+00:00\" \/>\n<meta property=\"og:image\" content=\"https:\/\/www.nidek.fr\/wp-content\/uploads\/2026\/04\/Parcours-patient.jpg\" \/>\n\t<meta property=\"og:image:width\" content=\"5624\" \/>\n\t<meta property=\"og:image:height\" content=\"3674\" \/>\n\t<meta property=\"og:image:type\" content=\"image\/jpeg\" \/>\n<meta name=\"author\" content=\"Aur\u00e9lie Larzul\" \/>\n<meta name=\"twitter:card\" content=\"summary_large_image\" \/>\n<meta name=\"twitter:label1\" content=\"Written by\" \/>\n\t<meta name=\"twitter:data1\" content=\"Aur\u00e9lie Larzul\" \/>\n\t<meta name=\"twitter:label2\" content=\"Estimated reading time\" \/>\n\t<meta name=\"twitter:data2\" content=\"2 minutes\" \/>\n<script type=\"application\/ld+json\" class=\"yoast-schema-graph\">{\"@context\":\"https:\\\/\\\/schema.org\",\"@graph\":[{\"@type\":\"Article\",\"@id\":\"https:\\\/\\\/www.nidek.fr\\\/nidek-a-la-sfo-votre-programme\\\/#article\",\"isPartOf\":{\"@id\":\"https:\\\/\\\/www.nidek.fr\\\/nidek-a-la-sfo-votre-programme\\\/\"},\"author\":{\"name\":\"Aur\u00e9lie Larzul\",\"@id\":\"https:\\\/\\\/www.nidek.fr\\\/#\\\/schema\\\/person\\\/11818760dacb411e3f4fa783ccbc3c4d\"},\"headline\":\"NIDEK \u00e0 la SFO : votre programme !\",\"datePublished\":\"2026-04-27T13:52:35+00:00\",\"mainEntityOfPage\":{\"@id\":\"https:\\\/\\\/www.nidek.fr\\\/nidek-a-la-sfo-votre-programme\\\/\"},\"wordCount\":354,\"image\":{\"@id\":\"https:\\\/\\\/www.nidek.fr\\\/nidek-a-la-sfo-votre-programme\\\/#primaryimage\"},\"thumbnailUrl\":\"https:\\\/\\\/www.nidek.fr\\\/wp-content\\\/uploads\\\/2026\\\/04\\\/Parcours-patient.jpg\",\"articleSection\":[\"Blog\",\"\u00c9v\u00e8nements\"],\"inLanguage\":\"en-GB\"},{\"@type\":\"WebPage\",\"@id\":\"https:\\\/\\\/www.nidek.fr\\\/nidek-a-la-sfo-votre-programme\\\/\",\"url\":\"https:\\\/\\\/www.nidek.fr\\\/nidek-a-la-sfo-votre-programme\\\/\",\"name\":\"NIDEK \u00e0 la SFO : votre programme ! - NIDEK France\",\"isPartOf\":{\"@id\":\"https:\\\/\\\/www.nidek.fr\\\/#website\"},\"primaryImageOfPage\":{\"@id\":\"https:\\\/\\\/www.nidek.fr\\\/nidek-a-la-sfo-votre-programme\\\/#primaryimage\"},\"image\":{\"@id\":\"https:\\\/\\\/www.nidek.fr\\\/nidek-a-la-sfo-votre-programme\\\/#primaryimage\"},\"thumbnailUrl\":\"https:\\\/\\\/www.nidek.fr\\\/wp-content\\\/uploads\\\/2026\\\/04\\\/Parcours-patient.jpg\",\"datePublished\":\"2026-04-27T13:52:35+00:00\",\"author\":{\"@id\":\"https:\\\/\\\/www.nidek.fr\\\/#\\\/schema\\\/person\\\/11818760dacb411e3f4fa783ccbc3c4d\"},\"description\":\"Du 9 au 11 mai 2026, NIDEK vous donne rendez-vous au Palais des Congr\u00e8s de Paris pour une nouvelle \u00e9dition de la SFO plac\u00e9e sous le signe de la\",\"breadcrumb\":{\"@id\":\"https:\\\/\\\/www.nidek.fr\\\/nidek-a-la-sfo-votre-programme\\\/#breadcrumb\"},\"inLanguage\":\"en-GB\",\"potentialAction\":[{\"@type\":\"ReadAction\",\"target\":[\"https:\\\/\\\/www.nidek.fr\\\/nidek-a-la-sfo-votre-programme\\\/\"]}]},{\"@type\":\"ImageObject\",\"inLanguage\":\"en-GB\",\"@id\":\"https:\\\/\\\/www.nidek.fr\\\/nidek-a-la-sfo-votre-programme\\\/#primaryimage\",\"url\":\"https:\\\/\\\/www.nidek.fr\\\/wp-content\\\/uploads\\\/2026\\\/04\\\/Parcours-patient.jpg\",\"contentUrl\":\"https:\\\/\\\/www.nidek.fr\\\/wp-content\\\/uploads\\\/2026\\\/04\\\/Parcours-patient.jpg\"},{\"@type\":\"BreadcrumbList\",\"@id\":\"https:\\\/\\\/www.nidek.fr\\\/nidek-a-la-sfo-votre-programme\\\/#breadcrumb\",\"itemListElement\":[{\"@type\":\"ListItem\",\"position\":1,\"name\":\"Accueil\",\"item\":\"https:\\\/\\\/www.nidek.fr\\\/\"},{\"@type\":\"ListItem\",\"position\":2,\"name\":\"NIDEK \u00e0 la SFO : votre programme !\"}]},{\"@type\":\"WebSite\",\"@id\":\"https:\\\/\\\/www.nidek.fr\\\/#website\",\"url\":\"https:\\\/\\\/www.nidek.fr\\\/\",\"name\":\"NIDEK France\",\"description\":\"The Art of Eye Care\",\"potentialAction\":[{\"@type\":\"SearchAction\",\"target\":{\"@type\":\"EntryPoint\",\"urlTemplate\":\"https:\\\/\\\/www.nidek.fr\\\/?s={search_term_string}\"},\"query-input\":{\"@type\":\"PropertyValueSpecification\",\"valueRequired\":true,\"valueName\":\"search_term_string\"}}],\"inLanguage\":\"en-GB\"},{\"@type\":\"Person\",\"@id\":\"https:\\\/\\\/www.nidek.fr\\\/#\\\/schema\\\/person\\\/11818760dacb411e3f4fa783ccbc3c4d\",\"name\":\"Aur\u00e9lie Larzul\",\"image\":{\"@type\":\"ImageObject\",\"inLanguage\":\"en-GB\",\"@id\":\"https:\\\/\\\/secure.gravatar.com\\\/avatar\\\/bae4e486ffc58b4ede41fe7a21bfbcfe923626d543c2da3fe593a6a48469c9d9?s=96&d=mm&r=g\",\"url\":\"https:\\\/\\\/secure.gravatar.com\\\/avatar\\\/bae4e486ffc58b4ede41fe7a21bfbcfe923626d543c2da3fe593a6a48469c9d9?s=96&d=mm&r=g\",\"contentUrl\":\"https:\\\/\\\/secure.gravatar.com\\\/avatar\\\/bae4e486ffc58b4ede41fe7a21bfbcfe923626d543c2da3fe593a6a48469c9d9?s=96&d=mm&r=g\",\"caption\":\"Aur\u00e9lie Larzul\"},\"url\":\"https:\\\/\\\/www.nidek.fr\\\/en\\\/author\\\/alarzul\\\/\"}]}<\/script>\n<!-- \/ Yoast SEO plugin. -->","yoast_head_json":{"title":"NIDEK \u00e0 la SFO : votre programme ! - NIDEK France","description":"Du 9 au 11 mai 2026, NIDEK vous donne rendez-vous au Palais des Congr\u00e8s de Paris pour une nouvelle \u00e9dition de la SFO plac\u00e9e sous le signe de la","robots":{"index":"index","follow":"follow","max-snippet":"max-snippet:-1","max-image-preview":"max-image-preview:large","max-video-preview":"max-video-preview:-1"},"canonical":"https:\/\/www.nidek.fr\/en\/nidek-a-la-sfo-votre-programme\/","og_locale":"en_GB","og_type":"article","og_title":"NIDEK \u00e0 la SFO : votre programme ! - NIDEK France","og_description":"Du 9 au 11 mai 2026, NIDEK vous donne rendez-vous au Palais des Congr\u00e8s de Paris pour une nouvelle \u00e9dition de la SFO plac\u00e9e sous le signe de la","og_url":"https:\/\/www.nidek.fr\/en\/nidek-a-la-sfo-votre-programme\/","og_site_name":"NIDEK France","article_published_time":"2026-04-27T13:52:35+00:00","og_image":[{"width":5624,"height":3674,"url":"https:\/\/www.nidek.fr\/wp-content\/uploads\/2026\/04\/Parcours-patient.jpg","type":"image\/jpeg"}],"author":"Aur\u00e9lie Larzul","twitter_card":"summary_large_image","twitter_misc":{"Written by":"Aur\u00e9lie Larzul","Estimated reading time":"2 minutes"},"schema":{"@context":"https:\/\/schema.org","@graph":[{"@type":"Article","@id":"https:\/\/www.nidek.fr\/nidek-a-la-sfo-votre-programme\/#article","isPartOf":{"@id":"https:\/\/www.nidek.fr\/nidek-a-la-sfo-votre-programme\/"},"author":{"name":"Aur\u00e9lie Larzul","@id":"https:\/\/www.nidek.fr\/#\/schema\/person\/11818760dacb411e3f4fa783ccbc3c4d"},"headline":"NIDEK \u00e0 la SFO : votre programme !","datePublished":"2026-04-27T13:52:35+00:00","mainEntityOfPage":{"@id":"https:\/\/www.nidek.fr\/nidek-a-la-sfo-votre-programme\/"},"wordCount":354,"image":{"@id":"https:\/\/www.nidek.fr\/nidek-a-la-sfo-votre-programme\/#primaryimage"},"thumbnailUrl":"https:\/\/www.nidek.fr\/wp-content\/uploads\/2026\/04\/Parcours-patient.jpg","articleSection":["Blog","\u00c9v\u00e8nements"],"inLanguage":"en-GB"},{"@type":"WebPage","@id":"https:\/\/www.nidek.fr\/nidek-a-la-sfo-votre-programme\/","url":"https:\/\/www.nidek.fr\/nidek-a-la-sfo-votre-programme\/","name":"NIDEK \u00e0 la SFO : votre programme ! - NIDEK France","isPartOf":{"@id":"https:\/\/www.nidek.fr\/#website"},"primaryImageOfPage":{"@id":"https:\/\/www.nidek.fr\/nidek-a-la-sfo-votre-programme\/#primaryimage"},"image":{"@id":"https:\/\/www.nidek.fr\/nidek-a-la-sfo-votre-programme\/#primaryimage"},"thumbnailUrl":"https:\/\/www.nidek.fr\/wp-content\/uploads\/2026\/04\/Parcours-patient.jpg","datePublished":"2026-04-27T13:52:35+00:00","author":{"@id":"https:\/\/www.nidek.fr\/#\/schema\/person\/11818760dacb411e3f4fa783ccbc3c4d"},"description":"Du 9 au 11 mai 2026, NIDEK vous donne rendez-vous au Palais des Congr\u00e8s de Paris pour une nouvelle \u00e9dition de la SFO plac\u00e9e sous le signe de la","breadcrumb":{"@id":"https:\/\/www.nidek.fr\/nidek-a-la-sfo-votre-programme\/#breadcrumb"},"inLanguage":"en-GB","potentialAction":[{"@type":"ReadAction","target":["https:\/\/www.nidek.fr\/nidek-a-la-sfo-votre-programme\/"]}]},{"@type":"ImageObject","inLanguage":"en-GB","@id":"https:\/\/www.nidek.fr\/nidek-a-la-sfo-votre-programme\/#primaryimage","url":"https:\/\/www.nidek.fr\/wp-content\/uploads\/2026\/04\/Parcours-patient.jpg","contentUrl":"https:\/\/www.nidek.fr\/wp-content\/uploads\/2026\/04\/Parcours-patient.jpg"},{"@type":"BreadcrumbList","@id":"https:\/\/www.nidek.fr\/nidek-a-la-sfo-votre-programme\/#breadcrumb","itemListElement":[{"@type":"ListItem","position":1,"name":"Accueil","item":"https:\/\/www.nidek.fr\/"},{"@type":"ListItem","position":2,"name":"NIDEK \u00e0 la SFO : votre programme !"}]},{"@type":"WebSite","@id":"https:\/\/www.nidek.fr\/#website","url":"https:\/\/www.nidek.fr\/","name":"NIDEK France","description":"The Art of Eye Care","potentialAction":[{"@type":"SearchAction","target":{"@type":"EntryPoint","urlTemplate":"https:\/\/www.nidek.fr\/?s={search_term_string}"},"query-input":{"@type":"PropertyValueSpecification","valueRequired":true,"valueName":"search_term_string"}}],"inLanguage":"en-GB"},{"@type":"Person","@id":"https:\/\/www.nidek.fr\/#\/schema\/person\/11818760dacb411e3f4fa783ccbc3c4d","name":"Aur\u00e9lie Larzul","image":{"@type":"ImageObject","inLanguage":"en-GB","@id":"https:\/\/secure.gravatar.com\/avatar\/bae4e486ffc58b4ede41fe7a21bfbcfe923626d543c2da3fe593a6a48469c9d9?s=96&d=mm&r=g","url":"https:\/\/secure.gravatar.com\/avatar\/bae4e486ffc58b4ede41fe7a21bfbcfe923626d543c2da3fe593a6a48469c9d9?s=96&d=mm&r=g","contentUrl":"https:\/\/secure.gravatar.com\/avatar\/bae4e486ffc58b4ede41fe7a21bfbcfe923626d543c2da3fe593a6a48469c9d9?s=96&d=mm&r=g","caption":"Aur\u00e9lie Larzul"},"url":"https:\/\/www.nidek.fr\/en\/author\/alarzul\/"}]}},"_links":{"self":[{"href":"https:\/\/www.nidek.fr\/en\/wp-json\/wp\/v2\/posts\/15146","targetHints":{"allow":["GET"]}}],"collection":[{"href":"https:\/\/www.nidek.fr\/en\/wp-json\/wp\/v2\/posts"}],"about":[{"href":"https:\/\/www.nidek.fr\/en\/wp-json\/wp\/v2\/types\/post"}],"author":[{"embeddable":true,"href":"https:\/\/www.nidek.fr\/en\/wp-json\/wp\/v2\/users\/10"}],"replies":[{"embeddable":true,"href":"https:\/\/www.nidek.fr\/en\/wp-json\/wp\/v2\/comments?post=15146"}],"version-history":[{"count":9,"href":"https:\/\/www.nidek.fr\/en\/wp-json\/wp\/v2\/posts\/15146\/revisions"}],"predecessor-version":[{"id":15160,"href":"https:\/\/www.nidek.fr\/en\/wp-json\/wp\/v2\/posts\/15146\/revisions\/15160"}],"wp:attachment":[{"href":"https:\/\/www.nidek.fr\/en\/wp-json\/wp\/v2\/media?parent=15146"}],"wp:term":[{"taxonomy":"category","embeddable":true,"href":"https:\/\/www.nidek.fr\/en\/wp-json\/wp\/v2\/categories?post=15146"},{"taxonomy":"post_tag","embeddable":true,"href":"https:\/\/www.nidek.fr\/en\/wp-json\/wp\/v2\/tags?post=15146"}],"curies":[{"name":"wp","href":"https:\/\/api.w.org\/{rel}","templated":true}]}}