{"id":5011,"date":"2017-10-10T13:50:03","date_gmt":"2017-10-10T11:50:03","guid":{"rendered":"https:\/\/moodboard.trafic-influence.net\/?p=5011"},"modified":"2021-03-15T16:17:04","modified_gmt":"2021-03-15T15:17:04","slug":"notre-ts-310-recompensee-au-silmo-dor-2017","status":"publish","type":"post","link":"https:\/\/www.nidek.fr\/en\/notre-ts-310-recompensee-au-silmo-dor-2017\/","title":{"rendered":"Notre TS-310 r\u00e9compens\u00e9e au SILMO d&rsquo;OR 2017"},"content":{"rendered":"<p>\u00c0 l&rsquo;occasion de la 50eme \u00e9dition du SILMO, NIDEK a \u00e9t\u00e9 r\u00e9compens\u00e9 par un SILMO d&rsquo;OR pour son innovation technologique\u00a0 : l&rsquo;unit\u00e9 de r\u00e9fraction subjective ultra-compacte TS-310.<\/p>\n<p>Une r\u00e9elle fiert\u00e9 pour l&rsquo;entreprise mais surtout un v\u00e9ritable produit totalement adapt\u00e9e aux besoins et probl\u00e9matiques de nos clients opticiens.<\/p>\n<p>Merci \u00e0 tous pour votre confiance.<\/p>","protected":false},"excerpt":{"rendered":"<p>\u00c0 l&rsquo;occasion de la 50eme \u00e9dition du SILMO, NIDEK a \u00e9t\u00e9 r\u00e9compens\u00e9 par un SILMO d&rsquo;OR pour son innovation technologique\u00a0 : l&rsquo;unit\u00e9 de r\u00e9fraction subjective ultra-compacte TS-310. Une r\u00e9elle fiert\u00e9 pour l&rsquo;entreprise mais surtout un v\u00e9ritable produit totalement adapt\u00e9e aux besoins et probl\u00e9matiques de nos clients opticiens. Merci \u00e0 tous pour votre confiance.<\/p>","protected":false},"author":2,"featured_media":5012,"comment_status":"open","ping_status":"open","sticky":false,"template":"","format":"standard","meta":{"_acf_changed":false,"footnotes":""},"categories":[12,11,1],"tags":[],"class_list":["post-5011","post","type-post","status-publish","format-standard","has-post-thumbnail","hentry","category-blog","category-evenements","category-non-classe"],"acf":[],"yoast_head":"<!-- This site is optimized with the Yoast SEO plugin v27.5 - https:\/\/yoast.com\/product\/yoast-seo-wordpress\/ -->\n<title>Notre TS-310 r\u00e9compens\u00e9e au SILMO d&#039;OR 2017 - NIDEK France<\/title>\n<meta name=\"description\" content=\"\u00c0 l&#039;occasion de la 50eme \u00e9dition du SILMO, NIDEK a \u00e9t\u00e9 r\u00e9compens\u00e9 par un SILMO d&#039;OR pour son innovation technologique\u00a0 : l&#039;unit\u00e9 de r\u00e9fraction subjective\" \/>\n<meta name=\"robots\" content=\"index, follow, max-snippet:-1, max-image-preview:large, max-video-preview:-1\" \/>\n<link rel=\"canonical\" href=\"https:\/\/www.nidek.fr\/en\/notre-ts-310-recompensee-au-silmo-dor-2017\/\" \/>\n<meta property=\"og:locale\" content=\"en_GB\" \/>\n<meta property=\"og:type\" content=\"article\" \/>\n<meta property=\"og:title\" content=\"Notre TS-310 r\u00e9compens\u00e9e au SILMO d&#039;OR 2017 - NIDEK France\" \/>\n<meta property=\"og:description\" content=\"\u00c0 l&#039;occasion de la 50eme \u00e9dition du SILMO, NIDEK a \u00e9t\u00e9 r\u00e9compens\u00e9 par un SILMO d&#039;OR pour son innovation technologique\u00a0 : l&#039;unit\u00e9 de r\u00e9fraction subjective\" \/>\n<meta property=\"og:url\" content=\"https:\/\/www.nidek.fr\/en\/notre-ts-310-recompensee-au-silmo-dor-2017\/\" \/>\n<meta property=\"og:site_name\" content=\"NIDEK France\" \/>\n<meta property=\"article:published_time\" content=\"2017-10-10T11:50:03+00:00\" \/>\n<meta property=\"article:modified_time\" content=\"2021-03-15T15:17:04+00:00\" \/>\n<meta property=\"og:image\" content=\"https:\/\/www.nidek.fr\/wp-content\/uploads\/2021\/02\/image-1.jpeg\" \/>\n\t<meta property=\"og:image:width\" content=\"912\" \/>\n\t<meta property=\"og:image:height\" content=\"1110\" \/>\n\t<meta property=\"og:image:type\" content=\"image\/jpeg\" \/>\n<meta name=\"author\" content=\"Tech Trafic\" \/>\n<meta name=\"twitter:card\" content=\"summary_large_image\" \/>\n<meta name=\"twitter:label1\" content=\"Written by\" \/>\n\t<meta name=\"twitter:data1\" content=\"Tech Trafic\" \/>\n<script type=\"application\/ld+json\" class=\"yoast-schema-graph\">{\"@context\":\"https:\\\/\\\/schema.org\",\"@graph\":[{\"@type\":\"Article\",\"@id\":\"https:\\\/\\\/www.nidek.fr\\\/notre-ts-310-recompensee-au-silmo-dor-2017\\\/#article\",\"isPartOf\":{\"@id\":\"https:\\\/\\\/www.nidek.fr\\\/notre-ts-310-recompensee-au-silmo-dor-2017\\\/\"},\"author\":{\"name\":\"Tech Trafic\",\"@id\":\"https:\\\/\\\/www.nidek.fr\\\/#\\\/schema\\\/person\\\/cbfa59ebb29120c6f3d529ee31a12fcd\"},\"headline\":\"Notre TS-310 r\u00e9compens\u00e9e au SILMO d&rsquo;OR 2017\",\"datePublished\":\"2017-10-10T11:50:03+00:00\",\"dateModified\":\"2021-03-15T15:17:04+00:00\",\"mainEntityOfPage\":{\"@id\":\"https:\\\/\\\/www.nidek.fr\\\/notre-ts-310-recompensee-au-silmo-dor-2017\\\/\"},\"wordCount\":69,\"commentCount\":0,\"image\":{\"@id\":\"https:\\\/\\\/www.nidek.fr\\\/notre-ts-310-recompensee-au-silmo-dor-2017\\\/#primaryimage\"},\"thumbnailUrl\":\"https:\\\/\\\/www.nidek.fr\\\/wp-content\\\/uploads\\\/2021\\\/02\\\/image-1.jpeg\",\"articleSection\":[\"Blog\",\"\u00c9v\u00e8nements\",\"Non class\u00e9\"],\"inLanguage\":\"en-GB\",\"potentialAction\":[{\"@type\":\"CommentAction\",\"name\":\"Comment\",\"target\":[\"https:\\\/\\\/www.nidek.fr\\\/notre-ts-310-recompensee-au-silmo-dor-2017\\\/#respond\"]}]},{\"@type\":\"WebPage\",\"@id\":\"https:\\\/\\\/www.nidek.fr\\\/notre-ts-310-recompensee-au-silmo-dor-2017\\\/\",\"url\":\"https:\\\/\\\/www.nidek.fr\\\/notre-ts-310-recompensee-au-silmo-dor-2017\\\/\",\"name\":\"Notre TS-310 r\u00e9compens\u00e9e au SILMO d'OR 2017 - NIDEK France\",\"isPartOf\":{\"@id\":\"https:\\\/\\\/www.nidek.fr\\\/#website\"},\"primaryImageOfPage\":{\"@id\":\"https:\\\/\\\/www.nidek.fr\\\/notre-ts-310-recompensee-au-silmo-dor-2017\\\/#primaryimage\"},\"image\":{\"@id\":\"https:\\\/\\\/www.nidek.fr\\\/notre-ts-310-recompensee-au-silmo-dor-2017\\\/#primaryimage\"},\"thumbnailUrl\":\"https:\\\/\\\/www.nidek.fr\\\/wp-content\\\/uploads\\\/2021\\\/02\\\/image-1.jpeg\",\"datePublished\":\"2017-10-10T11:50:03+00:00\",\"dateModified\":\"2021-03-15T15:17:04+00:00\",\"author\":{\"@id\":\"https:\\\/\\\/www.nidek.fr\\\/#\\\/schema\\\/person\\\/cbfa59ebb29120c6f3d529ee31a12fcd\"},\"description\":\"\u00c0 l'occasion de la 50eme \u00e9dition du SILMO, NIDEK a \u00e9t\u00e9 r\u00e9compens\u00e9 par un SILMO d'OR pour son innovation technologique\u00a0 : l'unit\u00e9 de r\u00e9fraction subjective\",\"breadcrumb\":{\"@id\":\"https:\\\/\\\/www.nidek.fr\\\/notre-ts-310-recompensee-au-silmo-dor-2017\\\/#breadcrumb\"},\"inLanguage\":\"en-GB\",\"potentialAction\":[{\"@type\":\"ReadAction\",\"target\":[\"https:\\\/\\\/www.nidek.fr\\\/notre-ts-310-recompensee-au-silmo-dor-2017\\\/\"]}]},{\"@type\":\"ImageObject\",\"inLanguage\":\"en-GB\",\"@id\":\"https:\\\/\\\/www.nidek.fr\\\/notre-ts-310-recompensee-au-silmo-dor-2017\\\/#primaryimage\",\"url\":\"https:\\\/\\\/www.nidek.fr\\\/wp-content\\\/uploads\\\/2021\\\/02\\\/image-1.jpeg\",\"contentUrl\":\"https:\\\/\\\/www.nidek.fr\\\/wp-content\\\/uploads\\\/2021\\\/02\\\/image-1.jpeg\",\"width\":912,\"height\":1110},{\"@type\":\"BreadcrumbList\",\"@id\":\"https:\\\/\\\/www.nidek.fr\\\/notre-ts-310-recompensee-au-silmo-dor-2017\\\/#breadcrumb\",\"itemListElement\":[{\"@type\":\"ListItem\",\"position\":1,\"name\":\"Accueil\",\"item\":\"https:\\\/\\\/www.nidek.fr\\\/\"},{\"@type\":\"ListItem\",\"position\":2,\"name\":\"Notre TS-310 r\u00e9compens\u00e9e au SILMO d&rsquo;OR 2017\"}]},{\"@type\":\"WebSite\",\"@id\":\"https:\\\/\\\/www.nidek.fr\\\/#website\",\"url\":\"https:\\\/\\\/www.nidek.fr\\\/\",\"name\":\"NIDEK France\",\"description\":\"The Art of Eye Care\",\"potentialAction\":[{\"@type\":\"SearchAction\",\"target\":{\"@type\":\"EntryPoint\",\"urlTemplate\":\"https:\\\/\\\/www.nidek.fr\\\/?s={search_term_string}\"},\"query-input\":{\"@type\":\"PropertyValueSpecification\",\"valueRequired\":true,\"valueName\":\"search_term_string\"}}],\"inLanguage\":\"en-GB\"},{\"@type\":\"Person\",\"@id\":\"https:\\\/\\\/www.nidek.fr\\\/#\\\/schema\\\/person\\\/cbfa59ebb29120c6f3d529ee31a12fcd\",\"name\":\"Tech Trafic\",\"image\":{\"@type\":\"ImageObject\",\"inLanguage\":\"en-GB\",\"@id\":\"https:\\\/\\\/secure.gravatar.com\\\/avatar\\\/970deaf280f831ea953b0fdecbf86fd8bfc309a3914ea716af7b95e9b3e55299?s=96&d=mm&r=g\",\"url\":\"https:\\\/\\\/secure.gravatar.com\\\/avatar\\\/970deaf280f831ea953b0fdecbf86fd8bfc309a3914ea716af7b95e9b3e55299?s=96&d=mm&r=g\",\"contentUrl\":\"https:\\\/\\\/secure.gravatar.com\\\/avatar\\\/970deaf280f831ea953b0fdecbf86fd8bfc309a3914ea716af7b95e9b3e55299?s=96&d=mm&r=g\",\"caption\":\"Tech Trafic\"},\"url\":\"https:\\\/\\\/www.nidek.fr\\\/en\\\/author\\\/techtrafic\\\/\"}]}<\/script>\n<!-- \/ Yoast SEO plugin. -->","yoast_head_json":{"title":"Notre TS-310 r\u00e9compens\u00e9e au SILMO d'OR 2017 - NIDEK France","description":"\u00c0 l'occasion de la 50eme \u00e9dition du SILMO, NIDEK a \u00e9t\u00e9 r\u00e9compens\u00e9 par un SILMO d'OR pour son innovation technologique\u00a0 : l'unit\u00e9 de r\u00e9fraction subjective","robots":{"index":"index","follow":"follow","max-snippet":"max-snippet:-1","max-image-preview":"max-image-preview:large","max-video-preview":"max-video-preview:-1"},"canonical":"https:\/\/www.nidek.fr\/en\/notre-ts-310-recompensee-au-silmo-dor-2017\/","og_locale":"en_GB","og_type":"article","og_title":"Notre TS-310 r\u00e9compens\u00e9e au SILMO d'OR 2017 - NIDEK France","og_description":"\u00c0 l'occasion de la 50eme \u00e9dition du SILMO, NIDEK a \u00e9t\u00e9 r\u00e9compens\u00e9 par un SILMO d'OR pour son innovation technologique\u00a0 : l'unit\u00e9 de r\u00e9fraction subjective","og_url":"https:\/\/www.nidek.fr\/en\/notre-ts-310-recompensee-au-silmo-dor-2017\/","og_site_name":"NIDEK France","article_published_time":"2017-10-10T11:50:03+00:00","article_modified_time":"2021-03-15T15:17:04+00:00","og_image":[{"width":912,"height":1110,"url":"https:\/\/www.nidek.fr\/wp-content\/uploads\/2021\/02\/image-1.jpeg","type":"image\/jpeg"}],"author":"Tech Trafic","twitter_card":"summary_large_image","twitter_misc":{"Written by":"Tech Trafic"},"schema":{"@context":"https:\/\/schema.org","@graph":[{"@type":"Article","@id":"https:\/\/www.nidek.fr\/notre-ts-310-recompensee-au-silmo-dor-2017\/#article","isPartOf":{"@id":"https:\/\/www.nidek.fr\/notre-ts-310-recompensee-au-silmo-dor-2017\/"},"author":{"name":"Tech Trafic","@id":"https:\/\/www.nidek.fr\/#\/schema\/person\/cbfa59ebb29120c6f3d529ee31a12fcd"},"headline":"Notre TS-310 r\u00e9compens\u00e9e au SILMO d&rsquo;OR 2017","datePublished":"2017-10-10T11:50:03+00:00","dateModified":"2021-03-15T15:17:04+00:00","mainEntityOfPage":{"@id":"https:\/\/www.nidek.fr\/notre-ts-310-recompensee-au-silmo-dor-2017\/"},"wordCount":69,"commentCount":0,"image":{"@id":"https:\/\/www.nidek.fr\/notre-ts-310-recompensee-au-silmo-dor-2017\/#primaryimage"},"thumbnailUrl":"https:\/\/www.nidek.fr\/wp-content\/uploads\/2021\/02\/image-1.jpeg","articleSection":["Blog","\u00c9v\u00e8nements","Non class\u00e9"],"inLanguage":"en-GB","potentialAction":[{"@type":"CommentAction","name":"Comment","target":["https:\/\/www.nidek.fr\/notre-ts-310-recompensee-au-silmo-dor-2017\/#respond"]}]},{"@type":"WebPage","@id":"https:\/\/www.nidek.fr\/notre-ts-310-recompensee-au-silmo-dor-2017\/","url":"https:\/\/www.nidek.fr\/notre-ts-310-recompensee-au-silmo-dor-2017\/","name":"Notre TS-310 r\u00e9compens\u00e9e au SILMO d'OR 2017 - NIDEK France","isPartOf":{"@id":"https:\/\/www.nidek.fr\/#website"},"primaryImageOfPage":{"@id":"https:\/\/www.nidek.fr\/notre-ts-310-recompensee-au-silmo-dor-2017\/#primaryimage"},"image":{"@id":"https:\/\/www.nidek.fr\/notre-ts-310-recompensee-au-silmo-dor-2017\/#primaryimage"},"thumbnailUrl":"https:\/\/www.nidek.fr\/wp-content\/uploads\/2021\/02\/image-1.jpeg","datePublished":"2017-10-10T11:50:03+00:00","dateModified":"2021-03-15T15:17:04+00:00","author":{"@id":"https:\/\/www.nidek.fr\/#\/schema\/person\/cbfa59ebb29120c6f3d529ee31a12fcd"},"description":"\u00c0 l'occasion de la 50eme \u00e9dition du SILMO, NIDEK a \u00e9t\u00e9 r\u00e9compens\u00e9 par un SILMO d'OR pour son innovation technologique\u00a0 : l'unit\u00e9 de r\u00e9fraction subjective","breadcrumb":{"@id":"https:\/\/www.nidek.fr\/notre-ts-310-recompensee-au-silmo-dor-2017\/#breadcrumb"},"inLanguage":"en-GB","potentialAction":[{"@type":"ReadAction","target":["https:\/\/www.nidek.fr\/notre-ts-310-recompensee-au-silmo-dor-2017\/"]}]},{"@type":"ImageObject","inLanguage":"en-GB","@id":"https:\/\/www.nidek.fr\/notre-ts-310-recompensee-au-silmo-dor-2017\/#primaryimage","url":"https:\/\/www.nidek.fr\/wp-content\/uploads\/2021\/02\/image-1.jpeg","contentUrl":"https:\/\/www.nidek.fr\/wp-content\/uploads\/2021\/02\/image-1.jpeg","width":912,"height":1110},{"@type":"BreadcrumbList","@id":"https:\/\/www.nidek.fr\/notre-ts-310-recompensee-au-silmo-dor-2017\/#breadcrumb","itemListElement":[{"@type":"ListItem","position":1,"name":"Accueil","item":"https:\/\/www.nidek.fr\/"},{"@type":"ListItem","position":2,"name":"Notre TS-310 r\u00e9compens\u00e9e au SILMO d&rsquo;OR 2017"}]},{"@type":"WebSite","@id":"https:\/\/www.nidek.fr\/#website","url":"https:\/\/www.nidek.fr\/","name":"NIDEK France","description":"The Art of Eye Care","potentialAction":[{"@type":"SearchAction","target":{"@type":"EntryPoint","urlTemplate":"https:\/\/www.nidek.fr\/?s={search_term_string}"},"query-input":{"@type":"PropertyValueSpecification","valueRequired":true,"valueName":"search_term_string"}}],"inLanguage":"en-GB"},{"@type":"Person","@id":"https:\/\/www.nidek.fr\/#\/schema\/person\/cbfa59ebb29120c6f3d529ee31a12fcd","name":"Tech Trafic","image":{"@type":"ImageObject","inLanguage":"en-GB","@id":"https:\/\/secure.gravatar.com\/avatar\/970deaf280f831ea953b0fdecbf86fd8bfc309a3914ea716af7b95e9b3e55299?s=96&d=mm&r=g","url":"https:\/\/secure.gravatar.com\/avatar\/970deaf280f831ea953b0fdecbf86fd8bfc309a3914ea716af7b95e9b3e55299?s=96&d=mm&r=g","contentUrl":"https:\/\/secure.gravatar.com\/avatar\/970deaf280f831ea953b0fdecbf86fd8bfc309a3914ea716af7b95e9b3e55299?s=96&d=mm&r=g","caption":"Tech Trafic"},"url":"https:\/\/www.nidek.fr\/en\/author\/techtrafic\/"}]}},"_links":{"self":[{"href":"https:\/\/www.nidek.fr\/en\/wp-json\/wp\/v2\/posts\/5011","targetHints":{"allow":["GET"]}}],"collection":[{"href":"https:\/\/www.nidek.fr\/en\/wp-json\/wp\/v2\/posts"}],"about":[{"href":"https:\/\/www.nidek.fr\/en\/wp-json\/wp\/v2\/types\/post"}],"author":[{"embeddable":true,"href":"https:\/\/www.nidek.fr\/en\/wp-json\/wp\/v2\/users\/2"}],"replies":[{"embeddable":true,"href":"https:\/\/www.nidek.fr\/en\/wp-json\/wp\/v2\/comments?post=5011"}],"version-history":[{"count":0,"href":"https:\/\/www.nidek.fr\/en\/wp-json\/wp\/v2\/posts\/5011\/revisions"}],"wp:featuredmedia":[{"embeddable":true,"href":"https:\/\/www.nidek.fr\/en\/wp-json\/wp\/v2\/media\/5012"}],"wp:attachment":[{"href":"https:\/\/www.nidek.fr\/en\/wp-json\/wp\/v2\/media?parent=5011"}],"wp:term":[{"taxonomy":"category","embeddable":true,"href":"https:\/\/www.nidek.fr\/en\/wp-json\/wp\/v2\/categories?post=5011"},{"taxonomy":"post_tag","embeddable":true,"href":"https:\/\/www.nidek.fr\/en\/wp-json\/wp\/v2\/tags?post=5011"}],"curies":[{"name":"wp","href":"https:\/\/api.w.org\/{rel}","templated":true}]}}