{"id":5035,"date":"2018-06-15T13:56:14","date_gmt":"2018-06-15T11:56:14","guid":{"rendered":"https:\/\/moodboard.trafic-influence.net\/?p=5035"},"modified":"2021-03-15T16:17:04","modified_gmt":"2021-03-15T15:17:04","slug":"nidek-interviendra-au-congres-interophta-les-15-et-16-juin-a-la-ciotat","status":"publish","type":"post","link":"https:\/\/www.nidek.fr\/en\/nidek-interviendra-au-congres-interophta-les-15-et-16-juin-a-la-ciotat\/","title":{"rendered":"NIDEK interviendra au Congr\u00e8s INTEROPHTA les 15 et 16 Juin \u00e0 La Ciotat"},"content":{"rendered":"<p>NIDEK participera au Congr\u00e8s INTEROPHTA 2018 \u2013 CABINET 2030 qui aura lieu les 15 et 16 juin dans la toute nouvelle salle de conf\u00e9rence de La Ciotat.<\/p>\n<p>Ce Congr\u00e8s de deux journ\u00e9es aura pour th\u00e8me\u00a0: \u00ab\u00a0 Ophtalmologie\u00a0: r\u00e9flexions sur les d\u00e9fis \u00e0 venir et r\u00e9flexions sur le cabinet 2030\u00a0\u00bb .<\/p>","protected":false},"excerpt":{"rendered":"<p>NIDEK participera au Congr\u00e8s INTEROPHTA 2018 \u2013 CABINET 2030 qui aura lieu les 15 et 16 juin dans la toute nouvelle salle de conf\u00e9rence de La Ciotat. Ce Congr\u00e8s de deux journ\u00e9es aura pour th\u00e8me\u00a0: \u00ab\u00a0 Ophtalmologie\u00a0: r\u00e9flexions sur les d\u00e9fis \u00e0 venir et r\u00e9flexions sur le cabinet 2030\u00a0\u00bb .<\/p>","protected":false},"author":2,"featured_media":5036,"comment_status":"open","ping_status":"open","sticky":false,"template":"","format":"standard","meta":{"_acf_changed":false,"footnotes":""},"categories":[12,11,1],"tags":[],"class_list":["post-5035","post","type-post","status-publish","format-standard","has-post-thumbnail","hentry","category-blog","category-evenements","category-non-classe"],"acf":[],"yoast_head":"<!-- This site is optimized with the Yoast SEO plugin v27.5 - https:\/\/yoast.com\/product\/yoast-seo-wordpress\/ -->\n<title>NIDEK interviendra au Congr\u00e8s INTEROPHTA les 15 et 16 Juin \u00e0 La Ciotat - NIDEK France<\/title>\n<meta name=\"description\" content=\"NIDEK participera au Congr\u00e8s INTEROPHTA 2018 \u2013 CABINET 2030 qui aura lieu les 15 et 16 juin dans la toute nouvelle salle de conf\u00e9rence de La Ciotat. Ce\" \/>\n<meta name=\"robots\" content=\"index, follow, max-snippet:-1, max-image-preview:large, max-video-preview:-1\" \/>\n<link rel=\"canonical\" href=\"https:\/\/www.nidek.fr\/en\/nidek-interviendra-au-congres-interophta-les-15-et-16-juin-a-la-ciotat\/\" \/>\n<meta property=\"og:locale\" content=\"en_GB\" \/>\n<meta property=\"og:type\" content=\"article\" \/>\n<meta property=\"og:title\" content=\"NIDEK interviendra au Congr\u00e8s INTEROPHTA les 15 et 16 Juin \u00e0 La Ciotat - NIDEK France\" \/>\n<meta property=\"og:description\" content=\"NIDEK participera au Congr\u00e8s INTEROPHTA 2018 \u2013 CABINET 2030 qui aura lieu les 15 et 16 juin dans la toute nouvelle salle de conf\u00e9rence de La Ciotat. Ce\" \/>\n<meta property=\"og:url\" content=\"https:\/\/www.nidek.fr\/en\/nidek-interviendra-au-congres-interophta-les-15-et-16-juin-a-la-ciotat\/\" \/>\n<meta property=\"og:site_name\" content=\"NIDEK France\" \/>\n<meta property=\"article:published_time\" content=\"2018-06-15T11:56:14+00:00\" \/>\n<meta property=\"article:modified_time\" content=\"2021-03-15T15:17:04+00:00\" \/>\n<meta property=\"og:image\" content=\"https:\/\/www.nidek.fr\/wp-content\/uploads\/2021\/02\/image-4.png\" \/>\n\t<meta property=\"og:image:width\" content=\"424\" \/>\n\t<meta property=\"og:image:height\" content=\"167\" \/>\n\t<meta property=\"og:image:type\" content=\"image\/png\" \/>\n<meta name=\"author\" content=\"Tech Trafic\" \/>\n<meta name=\"twitter:card\" content=\"summary_large_image\" \/>\n<meta name=\"twitter:label1\" content=\"Written by\" \/>\n\t<meta name=\"twitter:data1\" content=\"Tech Trafic\" \/>\n<script type=\"application\/ld+json\" class=\"yoast-schema-graph\">{\"@context\":\"https:\\\/\\\/schema.org\",\"@graph\":[{\"@type\":\"Article\",\"@id\":\"https:\\\/\\\/www.nidek.fr\\\/nidek-interviendra-au-congres-interophta-les-15-et-16-juin-a-la-ciotat\\\/#article\",\"isPartOf\":{\"@id\":\"https:\\\/\\\/www.nidek.fr\\\/nidek-interviendra-au-congres-interophta-les-15-et-16-juin-a-la-ciotat\\\/\"},\"author\":{\"name\":\"Tech Trafic\",\"@id\":\"https:\\\/\\\/www.nidek.fr\\\/#\\\/schema\\\/person\\\/cbfa59ebb29120c6f3d529ee31a12fcd\"},\"headline\":\"NIDEK interviendra au Congr\u00e8s INTEROPHTA les 15 et 16 Juin \u00e0 La Ciotat\",\"datePublished\":\"2018-06-15T11:56:14+00:00\",\"dateModified\":\"2021-03-15T15:17:04+00:00\",\"mainEntityOfPage\":{\"@id\":\"https:\\\/\\\/www.nidek.fr\\\/nidek-interviendra-au-congres-interophta-les-15-et-16-juin-a-la-ciotat\\\/\"},\"wordCount\":60,\"commentCount\":0,\"image\":{\"@id\":\"https:\\\/\\\/www.nidek.fr\\\/nidek-interviendra-au-congres-interophta-les-15-et-16-juin-a-la-ciotat\\\/#primaryimage\"},\"thumbnailUrl\":\"https:\\\/\\\/www.nidek.fr\\\/wp-content\\\/uploads\\\/2021\\\/02\\\/image-4.png\",\"articleSection\":[\"Blog\",\"\u00c9v\u00e8nements\",\"Non class\u00e9\"],\"inLanguage\":\"en-GB\",\"potentialAction\":[{\"@type\":\"CommentAction\",\"name\":\"Comment\",\"target\":[\"https:\\\/\\\/www.nidek.fr\\\/nidek-interviendra-au-congres-interophta-les-15-et-16-juin-a-la-ciotat\\\/#respond\"]}]},{\"@type\":\"WebPage\",\"@id\":\"https:\\\/\\\/www.nidek.fr\\\/nidek-interviendra-au-congres-interophta-les-15-et-16-juin-a-la-ciotat\\\/\",\"url\":\"https:\\\/\\\/www.nidek.fr\\\/nidek-interviendra-au-congres-interophta-les-15-et-16-juin-a-la-ciotat\\\/\",\"name\":\"NIDEK interviendra au Congr\u00e8s INTEROPHTA les 15 et 16 Juin \u00e0 La Ciotat - NIDEK France\",\"isPartOf\":{\"@id\":\"https:\\\/\\\/www.nidek.fr\\\/#website\"},\"primaryImageOfPage\":{\"@id\":\"https:\\\/\\\/www.nidek.fr\\\/nidek-interviendra-au-congres-interophta-les-15-et-16-juin-a-la-ciotat\\\/#primaryimage\"},\"image\":{\"@id\":\"https:\\\/\\\/www.nidek.fr\\\/nidek-interviendra-au-congres-interophta-les-15-et-16-juin-a-la-ciotat\\\/#primaryimage\"},\"thumbnailUrl\":\"https:\\\/\\\/www.nidek.fr\\\/wp-content\\\/uploads\\\/2021\\\/02\\\/image-4.png\",\"datePublished\":\"2018-06-15T11:56:14+00:00\",\"dateModified\":\"2021-03-15T15:17:04+00:00\",\"author\":{\"@id\":\"https:\\\/\\\/www.nidek.fr\\\/#\\\/schema\\\/person\\\/cbfa59ebb29120c6f3d529ee31a12fcd\"},\"description\":\"NIDEK participera au Congr\u00e8s INTEROPHTA 2018 \u2013 CABINET 2030 qui aura lieu les 15 et 16 juin dans la toute nouvelle salle de conf\u00e9rence de La Ciotat. Ce\",\"breadcrumb\":{\"@id\":\"https:\\\/\\\/www.nidek.fr\\\/nidek-interviendra-au-congres-interophta-les-15-et-16-juin-a-la-ciotat\\\/#breadcrumb\"},\"inLanguage\":\"en-GB\",\"potentialAction\":[{\"@type\":\"ReadAction\",\"target\":[\"https:\\\/\\\/www.nidek.fr\\\/nidek-interviendra-au-congres-interophta-les-15-et-16-juin-a-la-ciotat\\\/\"]}]},{\"@type\":\"ImageObject\",\"inLanguage\":\"en-GB\",\"@id\":\"https:\\\/\\\/www.nidek.fr\\\/nidek-interviendra-au-congres-interophta-les-15-et-16-juin-a-la-ciotat\\\/#primaryimage\",\"url\":\"https:\\\/\\\/www.nidek.fr\\\/wp-content\\\/uploads\\\/2021\\\/02\\\/image-4.png\",\"contentUrl\":\"https:\\\/\\\/www.nidek.fr\\\/wp-content\\\/uploads\\\/2021\\\/02\\\/image-4.png\",\"width\":424,\"height\":167},{\"@type\":\"BreadcrumbList\",\"@id\":\"https:\\\/\\\/www.nidek.fr\\\/nidek-interviendra-au-congres-interophta-les-15-et-16-juin-a-la-ciotat\\\/#breadcrumb\",\"itemListElement\":[{\"@type\":\"ListItem\",\"position\":1,\"name\":\"Accueil\",\"item\":\"https:\\\/\\\/www.nidek.fr\\\/\"},{\"@type\":\"ListItem\",\"position\":2,\"name\":\"NIDEK interviendra au Congr\u00e8s INTEROPHTA les 15 et 16 Juin \u00e0 La Ciotat\"}]},{\"@type\":\"WebSite\",\"@id\":\"https:\\\/\\\/www.nidek.fr\\\/#website\",\"url\":\"https:\\\/\\\/www.nidek.fr\\\/\",\"name\":\"NIDEK France\",\"description\":\"The Art of Eye Care\",\"potentialAction\":[{\"@type\":\"SearchAction\",\"target\":{\"@type\":\"EntryPoint\",\"urlTemplate\":\"https:\\\/\\\/www.nidek.fr\\\/?s={search_term_string}\"},\"query-input\":{\"@type\":\"PropertyValueSpecification\",\"valueRequired\":true,\"valueName\":\"search_term_string\"}}],\"inLanguage\":\"en-GB\"},{\"@type\":\"Person\",\"@id\":\"https:\\\/\\\/www.nidek.fr\\\/#\\\/schema\\\/person\\\/cbfa59ebb29120c6f3d529ee31a12fcd\",\"name\":\"Tech Trafic\",\"image\":{\"@type\":\"ImageObject\",\"inLanguage\":\"en-GB\",\"@id\":\"https:\\\/\\\/secure.gravatar.com\\\/avatar\\\/970deaf280f831ea953b0fdecbf86fd8bfc309a3914ea716af7b95e9b3e55299?s=96&d=mm&r=g\",\"url\":\"https:\\\/\\\/secure.gravatar.com\\\/avatar\\\/970deaf280f831ea953b0fdecbf86fd8bfc309a3914ea716af7b95e9b3e55299?s=96&d=mm&r=g\",\"contentUrl\":\"https:\\\/\\\/secure.gravatar.com\\\/avatar\\\/970deaf280f831ea953b0fdecbf86fd8bfc309a3914ea716af7b95e9b3e55299?s=96&d=mm&r=g\",\"caption\":\"Tech Trafic\"},\"url\":\"https:\\\/\\\/www.nidek.fr\\\/en\\\/author\\\/techtrafic\\\/\"}]}<\/script>\n<!-- \/ Yoast SEO plugin. -->","yoast_head_json":{"title":"NIDEK interviendra au Congr\u00e8s INTEROPHTA les 15 et 16 Juin \u00e0 La Ciotat - NIDEK France","description":"NIDEK participera au Congr\u00e8s INTEROPHTA 2018 \u2013 CABINET 2030 qui aura lieu les 15 et 16 juin dans la toute nouvelle salle de conf\u00e9rence de La Ciotat. Ce","robots":{"index":"index","follow":"follow","max-snippet":"max-snippet:-1","max-image-preview":"max-image-preview:large","max-video-preview":"max-video-preview:-1"},"canonical":"https:\/\/www.nidek.fr\/en\/nidek-interviendra-au-congres-interophta-les-15-et-16-juin-a-la-ciotat\/","og_locale":"en_GB","og_type":"article","og_title":"NIDEK interviendra au Congr\u00e8s INTEROPHTA les 15 et 16 Juin \u00e0 La Ciotat - NIDEK France","og_description":"NIDEK participera au Congr\u00e8s INTEROPHTA 2018 \u2013 CABINET 2030 qui aura lieu les 15 et 16 juin dans la toute nouvelle salle de conf\u00e9rence de La Ciotat. Ce","og_url":"https:\/\/www.nidek.fr\/en\/nidek-interviendra-au-congres-interophta-les-15-et-16-juin-a-la-ciotat\/","og_site_name":"NIDEK France","article_published_time":"2018-06-15T11:56:14+00:00","article_modified_time":"2021-03-15T15:17:04+00:00","og_image":[{"width":424,"height":167,"url":"https:\/\/www.nidek.fr\/wp-content\/uploads\/2021\/02\/image-4.png","type":"image\/png"}],"author":"Tech Trafic","twitter_card":"summary_large_image","twitter_misc":{"Written by":"Tech Trafic"},"schema":{"@context":"https:\/\/schema.org","@graph":[{"@type":"Article","@id":"https:\/\/www.nidek.fr\/nidek-interviendra-au-congres-interophta-les-15-et-16-juin-a-la-ciotat\/#article","isPartOf":{"@id":"https:\/\/www.nidek.fr\/nidek-interviendra-au-congres-interophta-les-15-et-16-juin-a-la-ciotat\/"},"author":{"name":"Tech Trafic","@id":"https:\/\/www.nidek.fr\/#\/schema\/person\/cbfa59ebb29120c6f3d529ee31a12fcd"},"headline":"NIDEK interviendra au Congr\u00e8s INTEROPHTA les 15 et 16 Juin \u00e0 La Ciotat","datePublished":"2018-06-15T11:56:14+00:00","dateModified":"2021-03-15T15:17:04+00:00","mainEntityOfPage":{"@id":"https:\/\/www.nidek.fr\/nidek-interviendra-au-congres-interophta-les-15-et-16-juin-a-la-ciotat\/"},"wordCount":60,"commentCount":0,"image":{"@id":"https:\/\/www.nidek.fr\/nidek-interviendra-au-congres-interophta-les-15-et-16-juin-a-la-ciotat\/#primaryimage"},"thumbnailUrl":"https:\/\/www.nidek.fr\/wp-content\/uploads\/2021\/02\/image-4.png","articleSection":["Blog","\u00c9v\u00e8nements","Non class\u00e9"],"inLanguage":"en-GB","potentialAction":[{"@type":"CommentAction","name":"Comment","target":["https:\/\/www.nidek.fr\/nidek-interviendra-au-congres-interophta-les-15-et-16-juin-a-la-ciotat\/#respond"]}]},{"@type":"WebPage","@id":"https:\/\/www.nidek.fr\/nidek-interviendra-au-congres-interophta-les-15-et-16-juin-a-la-ciotat\/","url":"https:\/\/www.nidek.fr\/nidek-interviendra-au-congres-interophta-les-15-et-16-juin-a-la-ciotat\/","name":"NIDEK interviendra au Congr\u00e8s INTEROPHTA les 15 et 16 Juin \u00e0 La Ciotat - NIDEK France","isPartOf":{"@id":"https:\/\/www.nidek.fr\/#website"},"primaryImageOfPage":{"@id":"https:\/\/www.nidek.fr\/nidek-interviendra-au-congres-interophta-les-15-et-16-juin-a-la-ciotat\/#primaryimage"},"image":{"@id":"https:\/\/www.nidek.fr\/nidek-interviendra-au-congres-interophta-les-15-et-16-juin-a-la-ciotat\/#primaryimage"},"thumbnailUrl":"https:\/\/www.nidek.fr\/wp-content\/uploads\/2021\/02\/image-4.png","datePublished":"2018-06-15T11:56:14+00:00","dateModified":"2021-03-15T15:17:04+00:00","author":{"@id":"https:\/\/www.nidek.fr\/#\/schema\/person\/cbfa59ebb29120c6f3d529ee31a12fcd"},"description":"NIDEK participera au Congr\u00e8s INTEROPHTA 2018 \u2013 CABINET 2030 qui aura lieu les 15 et 16 juin dans la toute nouvelle salle de conf\u00e9rence de La Ciotat. Ce","breadcrumb":{"@id":"https:\/\/www.nidek.fr\/nidek-interviendra-au-congres-interophta-les-15-et-16-juin-a-la-ciotat\/#breadcrumb"},"inLanguage":"en-GB","potentialAction":[{"@type":"ReadAction","target":["https:\/\/www.nidek.fr\/nidek-interviendra-au-congres-interophta-les-15-et-16-juin-a-la-ciotat\/"]}]},{"@type":"ImageObject","inLanguage":"en-GB","@id":"https:\/\/www.nidek.fr\/nidek-interviendra-au-congres-interophta-les-15-et-16-juin-a-la-ciotat\/#primaryimage","url":"https:\/\/www.nidek.fr\/wp-content\/uploads\/2021\/02\/image-4.png","contentUrl":"https:\/\/www.nidek.fr\/wp-content\/uploads\/2021\/02\/image-4.png","width":424,"height":167},{"@type":"BreadcrumbList","@id":"https:\/\/www.nidek.fr\/nidek-interviendra-au-congres-interophta-les-15-et-16-juin-a-la-ciotat\/#breadcrumb","itemListElement":[{"@type":"ListItem","position":1,"name":"Accueil","item":"https:\/\/www.nidek.fr\/"},{"@type":"ListItem","position":2,"name":"NIDEK interviendra au Congr\u00e8s INTEROPHTA les 15 et 16 Juin \u00e0 La Ciotat"}]},{"@type":"WebSite","@id":"https:\/\/www.nidek.fr\/#website","url":"https:\/\/www.nidek.fr\/","name":"NIDEK France","description":"The Art of Eye Care","potentialAction":[{"@type":"SearchAction","target":{"@type":"EntryPoint","urlTemplate":"https:\/\/www.nidek.fr\/?s={search_term_string}"},"query-input":{"@type":"PropertyValueSpecification","valueRequired":true,"valueName":"search_term_string"}}],"inLanguage":"en-GB"},{"@type":"Person","@id":"https:\/\/www.nidek.fr\/#\/schema\/person\/cbfa59ebb29120c6f3d529ee31a12fcd","name":"Tech Trafic","image":{"@type":"ImageObject","inLanguage":"en-GB","@id":"https:\/\/secure.gravatar.com\/avatar\/970deaf280f831ea953b0fdecbf86fd8bfc309a3914ea716af7b95e9b3e55299?s=96&d=mm&r=g","url":"https:\/\/secure.gravatar.com\/avatar\/970deaf280f831ea953b0fdecbf86fd8bfc309a3914ea716af7b95e9b3e55299?s=96&d=mm&r=g","contentUrl":"https:\/\/secure.gravatar.com\/avatar\/970deaf280f831ea953b0fdecbf86fd8bfc309a3914ea716af7b95e9b3e55299?s=96&d=mm&r=g","caption":"Tech Trafic"},"url":"https:\/\/www.nidek.fr\/en\/author\/techtrafic\/"}]}},"_links":{"self":[{"href":"https:\/\/www.nidek.fr\/en\/wp-json\/wp\/v2\/posts\/5035","targetHints":{"allow":["GET"]}}],"collection":[{"href":"https:\/\/www.nidek.fr\/en\/wp-json\/wp\/v2\/posts"}],"about":[{"href":"https:\/\/www.nidek.fr\/en\/wp-json\/wp\/v2\/types\/post"}],"author":[{"embeddable":true,"href":"https:\/\/www.nidek.fr\/en\/wp-json\/wp\/v2\/users\/2"}],"replies":[{"embeddable":true,"href":"https:\/\/www.nidek.fr\/en\/wp-json\/wp\/v2\/comments?post=5035"}],"version-history":[{"count":0,"href":"https:\/\/www.nidek.fr\/en\/wp-json\/wp\/v2\/posts\/5035\/revisions"}],"wp:featuredmedia":[{"embeddable":true,"href":"https:\/\/www.nidek.fr\/en\/wp-json\/wp\/v2\/media\/5036"}],"wp:attachment":[{"href":"https:\/\/www.nidek.fr\/en\/wp-json\/wp\/v2\/media?parent=5035"}],"wp:term":[{"taxonomy":"category","embeddable":true,"href":"https:\/\/www.nidek.fr\/en\/wp-json\/wp\/v2\/categories?post=5035"},{"taxonomy":"post_tag","embeddable":true,"href":"https:\/\/www.nidek.fr\/en\/wp-json\/wp\/v2\/tags?post=5035"}],"curies":[{"name":"wp","href":"https:\/\/api.w.org\/{rel}","templated":true}]}}